{"id":47279,"date":"2022-04-26T14:44:55","date_gmt":"2022-04-26T14:44:55","guid":{"rendered":"http:\/\/noticiastelered.com\/PortalDNoticias\/?p=47279"},"modified":"2022-04-26T14:44:55","modified_gmt":"2022-04-26T14:44:55","slug":"convoca-la-uat-a-estudiar-el-doctorado-en-comunicacion","status":"publish","type":"post","link":"http:\/\/noticiastelered.com\/PortalDNoticias\/convoca-la-uat-a-estudiar-el-doctorado-en-comunicacion\/","title":{"rendered":"Convoca la UAT a estudiar el Doctorado en Comunicaci\u00f3n"},"content":{"rendered":"\n<p>La Facultad de Derecho y Ciencias Sociales (FADYCS) de la Universidad<br>Aut\u00f3noma de Tamaulipas (UAT) en Tampico convoca a profesionistas con deseos<br>de continuar su preparaci\u00f3n acad\u00e9mica a participar en la convocatoria 2022 del<br>Doctorado en Comunicaci\u00f3n, cuya fecha l\u00edmite de recepci\u00f3n de documentos es el<br>31 de mayo.<\/p>\n\n\n\n<p><br>El Doctorado en Comunicaci\u00f3n tiene como objetivo formar profesionales<br>altamente capacitados, generadores de conocimientos innovadores y socialmente<br>\u00fatiles, que contribuyan a la soluci\u00f3n de problemas locales, regionales y nacionales<br>en la disciplina de la comunicaci\u00f3n.<\/p>\n\n\n\n<p><br>Busca asimismo formar capital humano de excelencia en la investigaci\u00f3n<br>con s\u00f3lidos conocimientos te\u00f3ricos, epistemol\u00f3gicos y metodol\u00f3gicos, que<br>permitan al egresado liderar proyectos y grupos de investigaci\u00f3n<br>multidisciplinarios.<\/p>\n\n\n\n<p><br>Seg\u00fan la convocatoria 2022, el 18 de junio se realizar\u00e1 el curso<br>proped\u00e9utico, y para el d\u00eda 20 de ese mes est\u00e1 programado el examen TOEFL. El<br>examen CENEVAL EXANII III se aplicar\u00e1 el 2 de julio y la entrevista con el Comit\u00e9<br>Acad\u00e9mico del posgrado ser\u00e1 el d\u00eda 4 del mismo mes.<\/p>\n\n\n\n<p><br>Los resultados del proceso de admisi\u00f3n se dar\u00e1n a conocer el 8 de agosto;<br>el periodo de inscripciones se realizar\u00e1 en los d\u00edas del 8 al 12, para iniciar las<br>clases el 13 agosto de 2022.<\/p>\n\n\n\n<p><br>El Doctorado en Comunicaci\u00f3n tiene como prop\u00f3sito formar expertos en las<br>diferentes \u00e1reas de la comunicaci\u00f3n, que se respondan con pertinencia a las<br>demandas prioritarias de la sociedad.<\/p>\n\n\n\n<p>El objetivo es que, a trav\u00e9s de proyectos de investigaci\u00f3n, logren fortalecer<br>la vinculaci\u00f3n intra- e interinstitucional necesaria con los diferentes sectores<br>acad\u00e9micos y productivos para la identificaci\u00f3n y soluci\u00f3n de problemas y<br>demandas surgidas en el entorno de su competencia.<\/p>\n\n\n\n<p><br>Entre las l\u00edneas de investigaci\u00f3n o aplicaci\u00f3n del conocimiento que podr\u00e1n<br>desarrollar se encuentran: 1) Comunicaci\u00f3n pol\u00edtica y social, medios de<br>comunicaci\u00f3n, democracia y opini\u00f3n p\u00fablica, comunicaci\u00f3n y g\u00e9nero; 2)<br>Comunicaci\u00f3n social, comunicaci\u00f3n estrat\u00e9gica organizacional, y 3) Medios de<br>comunicaci\u00f3n y opini\u00f3n p\u00fablica.<\/p>\n\n\n\n<p><br>Este doctorado se realiza en tres a\u00f1os, distribuido en seis periodos con<br>clases impartidas presencialmente los viernes y s\u00e1bados.<\/p>\n\n\n\n<p><br>Para mayores informes, comunicarse a la Divisi\u00f3n de Estudios de Posgrado<br>e Investigaci\u00f3n de la FADYCS escribiendo al correo electr\u00f3nico<br>posgradofadycstam@uat.edu.mx o llamando a los tel\u00e9fonos 833 241 2000,<br>extensi\u00f3n 3647, y 833 241 2014. Tambi\u00e9n pueden consultar la p\u00e1gina de<br>Facebook\/Fadycs Divisi\u00f3n Posgrado.<\/p>\n\n\n<p><!-- \/wp:paragraph --><\/p>\n<p><!-- Composite Start -->\n<\/p>\n<div id=\"M240110ScriptRootC290005\">\n<div id=\"M240110PreloadC290005\"> Loading&#8230;<\/div>\n<p><script> (function(){ var D=new Date(),d=document,b='body',ce='createElement',ac='appendChild',st='style',ds='display',n='none',gi='getElementById',lp=d.location.protocol,wp=lp.indexOf('http')==0?lp:'https:'; var i=d[ce]('iframe');i[st][ds]=n;d[gi](\"M240110ScriptRootC290005\")[ac](i);try{var iw=i.contentWindow.document;iw.open();iw.writeln(\"<ht\"+\"ml><bo\"+\"dy><\/bo\"+\"dy><\/ht\"+\"ml>\");iw.close();var c=iw[b];} catch(e){var iw=d;var c=d[gi](\"M240110ScriptRootC290005\");}var dv=iw[ce]('div');dv.id=\"MG_ID\";dv[st][ds]=n;dv.innerHTML=290005;c[ac](dv); var s=iw[ce]('script');s.async='async';s.defer='defer';s.charset='utf-8';s.src=wp+\"\/\/jsc.mgid.com\/n\/o\/noticiastelered.com.290005.js?t=\"+D.getYear()+D.getMonth()+D.getUTCDate()+D.getUTCHours();c[ac](s);})(); <\/script><\/p>\n<\/div>\n<p><!-- Composite End --><\/p>","protected":false},"excerpt":{"rendered":"<p>La Facultad de Derecho y Ciencias Sociales (FADYCS) de la UniversidadAut\u00f3noma de Tamaulipas (UAT) en Tampico convoca a profesionistas con deseosde continuar su preparaci\u00f3n acad\u00e9mica a participar en la convocatoria 2022 delDoctorado en Comunicaci\u00f3n, cuya fecha l\u00edmite de recepci\u00f3n de [&hellip;]<\/p>\n","protected":false},"author":2,"featured_media":47281,"comment_status":"open","ping_status":"open","sticky":false,"template":"","format":"standard","meta":[],"categories":[59],"tags":[],"_links":{"self":[{"href":"http:\/\/noticiastelered.com\/PortalDNoticias\/wp-json\/wp\/v2\/posts\/47279"}],"collection":[{"href":"http:\/\/noticiastelered.com\/PortalDNoticias\/wp-json\/wp\/v2\/posts"}],"about":[{"href":"http:\/\/noticiastelered.com\/PortalDNoticias\/wp-json\/wp\/v2\/types\/post"}],"author":[{"embeddable":true,"href":"http:\/\/noticiastelered.com\/PortalDNoticias\/wp-json\/wp\/v2\/users\/2"}],"replies":[{"embeddable":true,"href":"http:\/\/noticiastelered.com\/PortalDNoticias\/wp-json\/wp\/v2\/comments?post=47279"}],"version-history":[{"count":1,"href":"http:\/\/noticiastelered.com\/PortalDNoticias\/wp-json\/wp\/v2\/posts\/47279\/revisions"}],"predecessor-version":[{"id":47282,"href":"http:\/\/noticiastelered.com\/PortalDNoticias\/wp-json\/wp\/v2\/posts\/47279\/revisions\/47282"}],"wp:featuredmedia":[{"embeddable":true,"href":"http:\/\/noticiastelered.com\/PortalDNoticias\/wp-json\/wp\/v2\/media\/47281"}],"wp:attachment":[{"href":"http:\/\/noticiastelered.com\/PortalDNoticias\/wp-json\/wp\/v2\/media?parent=47279"}],"wp:term":[{"taxonomy":"category","embeddable":true,"href":"http:\/\/noticiastelered.com\/PortalDNoticias\/wp-json\/wp\/v2\/categories?post=47279"},{"taxonomy":"post_tag","embeddable":true,"href":"http:\/\/noticiastelered.com\/PortalDNoticias\/wp-json\/wp\/v2\/tags?post=47279"}],"curies":[{"name":"wp","href":"https:\/\/api.w.org\/{rel}","templated":true}]}}