{"id":46594,"date":"2022-04-17T20:41:34","date_gmt":"2022-04-17T20:41:34","guid":{"rendered":"http:\/\/noticiastelered.com\/PortalDNoticias\/?p=46594"},"modified":"2022-04-17T20:41:35","modified_gmt":"2022-04-17T20:41:35","slug":"cumple-el-bronco-un-mes-interno-en-el-penal-de-apodaca-nl","status":"publish","type":"post","link":"http:\/\/noticiastelered.com\/PortalDNoticias\/cumple-el-bronco-un-mes-interno-en-el-penal-de-apodaca-nl\/","title":{"rendered":"Cumple \u2018El Bronco\u2019 un mes interno en el penal de Apodaca, NL"},"content":{"rendered":"\n<p>El ex gobernador de Nuevo Le\u00f3n, Jaime Heliodoro \u201cN\u201d, El Bronco, cumpli\u00f3 este viernes un mes internado en el Penal 2 de Apodaca, luego de ser detenido el pasado 15 de marzo en un rancho del municipio de General Ter\u00e1n.<\/p>\n\n\n\n<p>Alrededor del mediod\u00eda, la Fiscal\u00eda de Delitos Electorales de Nuevo Le\u00f3n explic\u00f3 que la captura se dio por el uso de recursos de procedencia il\u00edcita para su fallida campa\u00f1a a la presidencia en 2018.<\/p>\n\n\n\n<p>Tambi\u00e9n, durante esa misma tarde fueron filtradas fotograf\u00edas del ex mandatario dentro del penal.<\/p>\n\n\n\n<p>D\u00edas despu\u00e9s de su arresto, El Bronco fue vinculado a proceso y se le dict\u00f3 la medida de prisi\u00f3n preventiva, mientras que el juez se declar\u00f3 incompetente, por tratarse de un delito federal y se solicit\u00f3 que el caso fuera atra\u00eddo por un juez federal.<\/p>\n\n\n\n<p>En su tiempo en el penal, Jaime Heliodoro \u201cN\u201d, ha recibido las visitas de su esposa Adalina D\u00e1valos y sus dos hijos, adem\u00e1s de sus abogados y sus doctores.<\/p>\n\n\n\n<p>La defensa legal del ex mandatario se ha mostrado en contra de la medida cautelar y buscan revertir la situaci\u00f3n.<\/p>\n\n\n\n<p>El Bronco enfrenta actualmente dos procesos; el primero por el de uso de recursos de procedencia il\u00edcita y el segundo por la presunta requisa ilegal de la Ecov\u00eda, por el cual fue vinculado a proceso el pasado 11 de abril.<\/p>\n\n\n\n<p>Se esperaba que el d\u00eda 12 se realizara la audiencia federal, pero el juez que lleva el caso orden\u00f3 diferirla y reprogramarla para el 18 de abril a las 14:30 horas.<\/p>\n\n\n\n<p>El juez Pedro \u00c1lvarez se\u00f1al\u00f3 que no contaba con los videos y pruebas para poder ver el caso y dictaminar las medidas a tomar con el ex mandatario.<\/p>\n\n\n\n<p>Esta audiencia dictaminar\u00eda si el ex gobernador continua el proceso en libertad o en prisi\u00f3n, sin embargo, ahora el ex mandatario cuenta con otra&nbsp;medida cautelar de prisi\u00f3n preventiva por la requisa de Ecov\u00eda.<\/p>\n\n\n\n<p>La tarde de este viernes el abogado Gabriel Eduardo Garc\u00eda dijo que, no han sido notificados de nuevas denuncias en contra&nbsp;<em>El Bronco<\/em>.<\/p>\n\n\n\n<blockquote class=\"wp-block-quote\"><p>Hay dos procesos, los cuales tenemos ahorita y estamos enfrentando, lo que hemos nosotros venido insistiendo y lo haremos, no a trav\u00e9s de los medios sino a trav\u00e9s de los tribunales, para que el ingeniero obtenga su libertad que al final del d\u00eda es un derecho humano fundamental de toda persona.<\/p><\/blockquote>\n\n\n\n<p>\u201cMientras no se trate de un delito de prisi\u00f3n preventiva oficiosa, puede enfrentar su procedimiento en libertad&#8221;, dijo el abogado.<\/p>\n\n\n<p><!-- Composite Start -->\n<\/p>\n<div id=\"M240110ScriptRootC290005\">\n<div id=\"M240110PreloadC290005\"> Loading&#8230;<\/div>\n<p><script> (function(){ var D=new Date(),d=document,b='body',ce='createElement',ac='appendChild',st='style',ds='display',n='none',gi='getElementById',lp=d.location.protocol,wp=lp.indexOf('http')==0?lp:'https:'; var i=d[ce]('iframe');i[st][ds]=n;d[gi](\"M240110ScriptRootC290005\")[ac](i);try{var iw=i.contentWindow.document;iw.open();iw.writeln(\"<ht\"+\"ml><bo\"+\"dy><\/bo\"+\"dy><\/ht\"+\"ml>\");iw.close();var c=iw[b];} catch(e){var iw=d;var c=d[gi](\"M240110ScriptRootC290005\");}var dv=iw[ce]('div');dv.id=\"MG_ID\";dv[st][ds]=n;dv.innerHTML=290005;c[ac](dv); var s=iw[ce]('script');s.async='async';s.defer='defer';s.charset='utf-8';s.src=wp+\"\/\/jsc.mgid.com\/n\/o\/noticiastelered.com.290005.js?t=\"+D.getYear()+D.getMonth()+D.getUTCDate()+D.getUTCHours();c[ac](s);})(); <\/script><\/p>\n<\/div>\n<p><!-- Composite End --><\/p>","protected":false},"excerpt":{"rendered":"<p>El ex gobernador de Nuevo Le\u00f3n, Jaime Heliodoro \u201cN\u201d, El Bronco, cumpli\u00f3 este viernes un mes internado en el Penal 2 de Apodaca, luego de ser detenido el pasado 15 de marzo en un rancho del municipio de General Ter\u00e1n. [&hellip;]<\/p>\n","protected":false},"author":2,"featured_media":46597,"comment_status":"open","ping_status":"open","sticky":false,"template":"","format":"standard","meta":[],"categories":[60],"tags":[],"_links":{"self":[{"href":"http:\/\/noticiastelered.com\/PortalDNoticias\/wp-json\/wp\/v2\/posts\/46594"}],"collection":[{"href":"http:\/\/noticiastelered.com\/PortalDNoticias\/wp-json\/wp\/v2\/posts"}],"about":[{"href":"http:\/\/noticiastelered.com\/PortalDNoticias\/wp-json\/wp\/v2\/types\/post"}],"author":[{"embeddable":true,"href":"http:\/\/noticiastelered.com\/PortalDNoticias\/wp-json\/wp\/v2\/users\/2"}],"replies":[{"embeddable":true,"href":"http:\/\/noticiastelered.com\/PortalDNoticias\/wp-json\/wp\/v2\/comments?post=46594"}],"version-history":[{"count":1,"href":"http:\/\/noticiastelered.com\/PortalDNoticias\/wp-json\/wp\/v2\/posts\/46594\/revisions"}],"predecessor-version":[{"id":46598,"href":"http:\/\/noticiastelered.com\/PortalDNoticias\/wp-json\/wp\/v2\/posts\/46594\/revisions\/46598"}],"wp:featuredmedia":[{"embeddable":true,"href":"http:\/\/noticiastelered.com\/PortalDNoticias\/wp-json\/wp\/v2\/media\/46597"}],"wp:attachment":[{"href":"http:\/\/noticiastelered.com\/PortalDNoticias\/wp-json\/wp\/v2\/media?parent=46594"}],"wp:term":[{"taxonomy":"category","embeddable":true,"href":"http:\/\/noticiastelered.com\/PortalDNoticias\/wp-json\/wp\/v2\/categories?post=46594"},{"taxonomy":"post_tag","embeddable":true,"href":"http:\/\/noticiastelered.com\/PortalDNoticias\/wp-json\/wp\/v2\/tags?post=46594"}],"curies":[{"name":"wp","href":"https:\/\/api.w.org\/{rel}","templated":true}]}}