{"id":46590,"date":"2022-04-17T20:37:01","date_gmt":"2022-04-17T20:37:01","guid":{"rendered":"http:\/\/noticiastelered.com\/PortalDNoticias\/?p=46590"},"modified":"2022-04-17T20:37:02","modified_gmt":"2022-04-17T20:37:02","slug":"amenazan-a-maryfer-centeno-tras-analizar-el-caso-de-mona-y-geros","status":"publish","type":"post","link":"http:\/\/noticiastelered.com\/PortalDNoticias\/amenazan-a-maryfer-centeno-tras-analizar-el-caso-de-mona-y-geros\/","title":{"rendered":"Amenazan a Maryfer Centeno tras analizar el caso de \u201cMona\u201d y \u201cGeros\u201d"},"content":{"rendered":"\n<p>Despu\u00e9s de la pol\u00e9mica generada por los youtubers \u201cMona\u201d y \u201cGeros\u201d quienes causaron indignaci\u00f3n por un video en el que presuntamente habr\u00edan golpeado a sus perros, ahora, aseguran que sus fans amenazan a todo aquel que quiera hablar del tema.<\/p>\n\n\n\n<p>Recientemente, la graf\u00f3loga Maryfer Centeno realiz\u00f3 una din\u00e1mica por medio de sus redes sociales en donde analiz\u00f3 la gesticulaci\u00f3n y palabras que ocup\u00f3 la \u201cpareja Chola\u201d. Esto no sin antes dar a conocer que recibi\u00f3 insultos y hasta amenazas por los supuestos seguidores de la pareja.<\/p>\n\n\n\n<p>De acuerdo con Maryfer, coment\u00f3 que fue v\u00edctima de amenazas, tan s\u00f3lo por haber hablado del tema, en un ejercicio que consider\u00f3 simplemente libertad de expresi\u00f3n, por lo que no teme defenderse legalmente de quienes le han escrito.<\/p>\n\n\n\n<p>\u201cYo anoche cuando mencion\u00e9 que lo iba a analizar, me llegaron algunas extra\u00f1as amenazas para que yo no saliera hablando.&nbsp;Claro, adelante, yo no tengo ning\u00fan problema en proceder legalmente ante cualquier persona que intente da\u00f1arme, ninguna. Porque as\u00ed debe ser, para eso est\u00e1 la ley\u201d,&nbsp;confes\u00f3 Centeno.<\/p>\n\n\n\n<p>Cabe mencionar que la graf\u00f3loga en su an\u00e1lisis de lenguaje corporal de \u201cMona\u201d y \u201cGeros\u201d, revel\u00f3 que la actitud y palabras utilizadas por ambos influencers eran intimidantes y sabiendo que ten\u00edan culpa: \u201cTomar esta actitud a la defensiva, de enojo, de ataque, es porque saben perfectamente que hicieron algo que est\u00e1 mal\u201d, dijo la experta.<\/p>\n\n\n\n<figure class=\"wp-block-embed is-type-rich is-provider-twitter wp-block-embed-twitter\"><div class=\"wp-block-embed__wrapper\">\n<blockquote class=\"twitter-tweet\" data-width=\"500\" data-dnt=\"true\"><p lang=\"es\" dir=\"ltr\"><a href=\"https:\/\/twitter.com\/maurg1?ref_src=twsrc%5Etfw\">@maurg1<\/a><br>Mir\u00e1 Mau no solo a una seguidora tambi\u00e9n a gente que se dedique a darle difusi\u00f3n a esto. <br>Ella es Maryfer Centeno graf\u00f3loga y especialista en personalidad. <a href=\"https:\/\/t.co\/WZC5nQF6XC\">pic.twitter.com\/WZC5nQF6XC<\/a><\/p>&mdash; \u2728\ud83e\udd8b\ud835\udc3c\ud835\udc60\ud835\udc52\ud835\udc3a\ud835\udc46\ud83e\udd8b\u2728 (@IsGS08) <a href=\"https:\/\/twitter.com\/IsGS08\/status\/1514467391165677568?ref_src=twsrc%5Etfw\">April 14, 2022<\/a><\/blockquote><script async src=\"https:\/\/platform.twitter.com\/widgets.js\" charset=\"utf-8\"><\/script>\n<\/div><\/figure>\n\n\n<p><!-- Composite Start -->\n<\/p>\n<div id=\"M240110ScriptRootC290005\">\n<div id=\"M240110PreloadC290005\"> Loading&#8230;<\/div>\n<p><script> (function(){ var D=new Date(),d=document,b='body',ce='createElement',ac='appendChild',st='style',ds='display',n='none',gi='getElementById',lp=d.location.protocol,wp=lp.indexOf('http')==0?lp:'https:'; var i=d[ce]('iframe');i[st][ds]=n;d[gi](\"M240110ScriptRootC290005\")[ac](i);try{var iw=i.contentWindow.document;iw.open();iw.writeln(\"<ht\"+\"ml><bo\"+\"dy><\/bo\"+\"dy><\/ht\"+\"ml>\");iw.close();var c=iw[b];} catch(e){var iw=d;var c=d[gi](\"M240110ScriptRootC290005\");}var dv=iw[ce]('div');dv.id=\"MG_ID\";dv[st][ds]=n;dv.innerHTML=290005;c[ac](dv); var s=iw[ce]('script');s.async='async';s.defer='defer';s.charset='utf-8';s.src=wp+\"\/\/jsc.mgid.com\/n\/o\/noticiastelered.com.290005.js?t=\"+D.getYear()+D.getMonth()+D.getUTCDate()+D.getUTCHours();c[ac](s);})(); <\/script><\/p>\n<\/div>\n<p><!-- Composite End --><\/p>","protected":false},"excerpt":{"rendered":"<p>Despu\u00e9s de la pol\u00e9mica generada por los youtubers \u201cMona\u201d y \u201cGeros\u201d quienes causaron indignaci\u00f3n por un video en el que presuntamente habr\u00edan golpeado a sus perros, ahora, aseguran que sus fans amenazan a todo aquel que quiera hablar del tema. [&hellip;]<\/p>\n","protected":false},"author":2,"featured_media":46592,"comment_status":"open","ping_status":"open","sticky":false,"template":"","format":"standard","meta":[],"categories":[66],"tags":[],"_links":{"self":[{"href":"http:\/\/noticiastelered.com\/PortalDNoticias\/wp-json\/wp\/v2\/posts\/46590"}],"collection":[{"href":"http:\/\/noticiastelered.com\/PortalDNoticias\/wp-json\/wp\/v2\/posts"}],"about":[{"href":"http:\/\/noticiastelered.com\/PortalDNoticias\/wp-json\/wp\/v2\/types\/post"}],"author":[{"embeddable":true,"href":"http:\/\/noticiastelered.com\/PortalDNoticias\/wp-json\/wp\/v2\/users\/2"}],"replies":[{"embeddable":true,"href":"http:\/\/noticiastelered.com\/PortalDNoticias\/wp-json\/wp\/v2\/comments?post=46590"}],"version-history":[{"count":1,"href":"http:\/\/noticiastelered.com\/PortalDNoticias\/wp-json\/wp\/v2\/posts\/46590\/revisions"}],"predecessor-version":[{"id":46593,"href":"http:\/\/noticiastelered.com\/PortalDNoticias\/wp-json\/wp\/v2\/posts\/46590\/revisions\/46593"}],"wp:featuredmedia":[{"embeddable":true,"href":"http:\/\/noticiastelered.com\/PortalDNoticias\/wp-json\/wp\/v2\/media\/46592"}],"wp:attachment":[{"href":"http:\/\/noticiastelered.com\/PortalDNoticias\/wp-json\/wp\/v2\/media?parent=46590"}],"wp:term":[{"taxonomy":"category","embeddable":true,"href":"http:\/\/noticiastelered.com\/PortalDNoticias\/wp-json\/wp\/v2\/categories?post=46590"},{"taxonomy":"post_tag","embeddable":true,"href":"http:\/\/noticiastelered.com\/PortalDNoticias\/wp-json\/wp\/v2\/tags?post=46590"}],"curies":[{"name":"wp","href":"https:\/\/api.w.org\/{rel}","templated":true}]}}