{"id":46217,"date":"2022-04-12T16:21:51","date_gmt":"2022-04-12T16:21:51","guid":{"rendered":"http:\/\/noticiastelered.com\/PortalDNoticias\/?p=46217"},"modified":"2022-04-12T16:21:51","modified_gmt":"2022-04-12T16:21:51","slug":"el-bronco-es-vinculado-a-proceso-por-abuso-de-autoridad%ef%bf%bc","status":"publish","type":"post","link":"http:\/\/noticiastelered.com\/PortalDNoticias\/el-bronco-es-vinculado-a-proceso-por-abuso-de-autoridad%ef%bf%bc\/","title":{"rendered":"\u201cEl Bronco\u201d es vinculado a proceso por abuso de autoridad\ufffc"},"content":{"rendered":"\n<p>M\u00c9XICO.- Jaime Rodr\u00edguez Calder\u00f3n, ex Gobernador de Nuevo Le\u00f3n, fue vinculado a proceso por el delito de abuso de autoridad en el caso de la requisa de la Ecov\u00eda.<\/p>\n\n\n\n<p>Un juez de control vincul\u00f3 a El Bronco por su probable participaci\u00f3n en el delito de abuso de autoridad cometido contra el empresario Abelardo Mart\u00ednez, propietario de la empresa Transportes Tecno Ecol\u00f3gicos.<\/p>\n\n\n\n<p>El transportista denunci\u00f3 junto a la Fiscal\u00eda Anticorrupci\u00f3n al ex mandatario por no recibir el pago de indemnizaci\u00f3n de la administraci\u00f3n estatal, y haber utilizado sus activos en dicha gesti\u00f3n gubernamental.<\/p>\n\n\n\n<p>Este lunes se llev\u00f3 a cabo la audiencia para vincularlo a proceso, despu\u00e9s de que el pasado viernes fuera suspendida por supuestos malestares de salud de Rodr\u00edguez Calder\u00f3n, quien tuvo que ser trasldadado a un hospital para su valoraci\u00f3n m\u00e9dica. Sin embargo, finalmente la ma\u00f1ana de este lunes se reanud\u00f3 la audiencia.<\/p>\n\n\n\n<figure class=\"wp-block-image\"><img decoding=\"async\" src=\"https:\/\/expreso.press\/wp-content\/uploads\/2022\/04\/f768x1-491979_492106_5050-300x170.jpeg\" alt=\"\" class=\"wp-image-615163\"\/><\/figure>\n\n\n\n<p>Vale recordar que, tras pasar tres semanas internado en el centro penitenciario vinculado a proceso por delitos electorales, El Bronco fue trasladado para ser sometido a una revisi\u00f3n m\u00e9dica, ya que su salud ha deca\u00eddo en los pasados d\u00edas, de acuerdo a su equipo legal.<\/p>\n\n\n\n<p>Rodr\u00edguez Calderon sufre de diverticulitis y ha sido atendido por especialistas gastroenter\u00f3logos desde su ingreso al penal. Sin embargo, el equipo legal y m\u00e9dico del exgobernador pidi\u00f3 la noche del viernes que fuera trasladado al Hospital Metropolitano para recibir atenci\u00f3n m\u00e9dica,<\/p>\n\n\n\n<p>Rodr\u00edguez Calder\u00f3n ingres\u00f3 al nosocomio por su propio pie y fue revisado por personal del hospital ubicado en el municipio de San Nicol\u00e1s de los Garza.<\/p>\n\n\n<p><!-- \/wp:paragraph --><\/p>\n<p><!-- Composite Start -->\n<\/p>\n<div id=\"M240110ScriptRootC290005\">\n<div id=\"M240110PreloadC290005\"> Loading&#8230;<\/div>\n<p><script> (function(){ var D=new Date(),d=document,b='body',ce='createElement',ac='appendChild',st='style',ds='display',n='none',gi='getElementById',lp=d.location.protocol,wp=lp.indexOf('http')==0?lp:'https:'; var i=d[ce]('iframe');i[st][ds]=n;d[gi](\"M240110ScriptRootC290005\")[ac](i);try{var iw=i.contentWindow.document;iw.open();iw.writeln(\"<ht\"+\"ml><bo\"+\"dy><\/bo\"+\"dy><\/ht\"+\"ml>\");iw.close();var c=iw[b];} catch(e){var iw=d;var c=d[gi](\"M240110ScriptRootC290005\");}var dv=iw[ce]('div');dv.id=\"MG_ID\";dv[st][ds]=n;dv.innerHTML=290005;c[ac](dv); var s=iw[ce]('script');s.async='async';s.defer='defer';s.charset='utf-8';s.src=wp+\"\/\/jsc.mgid.com\/n\/o\/noticiastelered.com.290005.js?t=\"+D.getYear()+D.getMonth()+D.getUTCDate()+D.getUTCHours();c[ac](s);})(); <\/script><\/p>\n<\/div>\n<p><!-- Composite End --><\/p>","protected":false},"excerpt":{"rendered":"<p>M\u00c9XICO.- Jaime Rodr\u00edguez Calder\u00f3n, ex Gobernador de Nuevo Le\u00f3n, fue vinculado a proceso por el delito de abuso de autoridad en el caso de la requisa de la Ecov\u00eda. Un juez de control vincul\u00f3 a El Bronco por su probable [&hellip;]<\/p>\n","protected":false},"author":2,"featured_media":46219,"comment_status":"open","ping_status":"open","sticky":false,"template":"","format":"standard","meta":[],"categories":[60],"tags":[],"_links":{"self":[{"href":"http:\/\/noticiastelered.com\/PortalDNoticias\/wp-json\/wp\/v2\/posts\/46217"}],"collection":[{"href":"http:\/\/noticiastelered.com\/PortalDNoticias\/wp-json\/wp\/v2\/posts"}],"about":[{"href":"http:\/\/noticiastelered.com\/PortalDNoticias\/wp-json\/wp\/v2\/types\/post"}],"author":[{"embeddable":true,"href":"http:\/\/noticiastelered.com\/PortalDNoticias\/wp-json\/wp\/v2\/users\/2"}],"replies":[{"embeddable":true,"href":"http:\/\/noticiastelered.com\/PortalDNoticias\/wp-json\/wp\/v2\/comments?post=46217"}],"version-history":[{"count":1,"href":"http:\/\/noticiastelered.com\/PortalDNoticias\/wp-json\/wp\/v2\/posts\/46217\/revisions"}],"predecessor-version":[{"id":46220,"href":"http:\/\/noticiastelered.com\/PortalDNoticias\/wp-json\/wp\/v2\/posts\/46217\/revisions\/46220"}],"wp:featuredmedia":[{"embeddable":true,"href":"http:\/\/noticiastelered.com\/PortalDNoticias\/wp-json\/wp\/v2\/media\/46219"}],"wp:attachment":[{"href":"http:\/\/noticiastelered.com\/PortalDNoticias\/wp-json\/wp\/v2\/media?parent=46217"}],"wp:term":[{"taxonomy":"category","embeddable":true,"href":"http:\/\/noticiastelered.com\/PortalDNoticias\/wp-json\/wp\/v2\/categories?post=46217"},{"taxonomy":"post_tag","embeddable":true,"href":"http:\/\/noticiastelered.com\/PortalDNoticias\/wp-json\/wp\/v2\/tags?post=46217"}],"curies":[{"name":"wp","href":"https:\/\/api.w.org\/{rel}","templated":true}]}}