{"id":45668,"date":"2022-04-05T03:12:19","date_gmt":"2022-04-05T03:12:19","guid":{"rendered":"http:\/\/noticiastelered.com\/PortalDNoticias\/?p=45668"},"modified":"2022-04-05T03:12:20","modified_gmt":"2022-04-05T03:12:20","slug":"el-color-americo-ya-es-tiempo-que-les-vaya-bien-dice-a-la-gente","status":"publish","type":"post","link":"http:\/\/noticiastelered.com\/PortalDNoticias\/el-color-americo-ya-es-tiempo-que-les-vaya-bien-dice-a-la-gente\/","title":{"rendered":"<em>El color:<\/em> Am\u00e9rico, &#8220;Ya es tiempo que les vaya bien\u201d, dice a la gente"},"content":{"rendered":"\n<p>Nuevo Laredo, Tam.-&#8220;Ya es tiempo que se acaben sus problemas y les vaya bien&#8221;, dijo el doctor Am\u00e9rico Villarreal a Jos\u00e9, el chofer de la ruta 29, y a los pasajeros que iban a la colonia de \u201cReservas Territoriales\u201d.<\/p>\n\n\n\n<p>Fue una tarde de calor, de m\u00fasica, de saludos y di\u00e1logo con automovilistas de la colonia Am\u00e9rico Villarreal, en donde el candidato guinda camino y sud\u00f3 la camisa morenista.<\/p>\n\n\n\n<p>Villarreal Anaya cruz\u00f3 una avenida y desde lo alto de un puente peatonal se tom\u00f3 selfies con mujeres y j\u00f3venes que comprometieron el voto para la causa de la Cuarta Transformaci\u00f3n.<\/p>\n\n\n\n<p>El candidato com\u00fan de los partidos Morena, Verde Ecologista y del Trabajo, regal\u00f3 gorras, pegotes y habl\u00f3 con automovilistas de la colonia que lleva el nombre de su padre.<\/p>\n\n\n\n<p>En medio de consignas de \u201ces un honor estar con el Doctor\u201d y \u201cclaro que se puede\u201d, Am\u00e9rico Villarreal, habl\u00f3 en corto con la gente y la escuch\u00f3, \u201cconozco sus problemas y les doy mi palabra de no fallarles; es tiempo que el gobierno escuche y resuelva las demandas de las familias\u201d.<\/p>\n\n\n\n<p>Desde este puerto fronterizo, el doctor envi\u00f3 el mensaje a aduanales, transportistas y familias sobre la importancia de integrar a Tamaulipas, que Nuevo Laredo se acerque al centro y el sur y viceversa.<\/p>\n\n\n\n<p>En su segundo d\u00eda de campa\u00f1a, los nuevolaredenses demostraron su cari\u00f1o y respaldo al doctor Am\u00e9rico Villarreal que cerr\u00f3 su agenda con este pegoteo y fiesta en las calles de la ciudad.<\/p>\n\n\n\n<p>Al grito de &#8220;claro que se puede&#8221; celebraron la visita del candidato a Gobernador por &#8220;Juntos Hacemos Historia en Tamaulipas&#8221;, como fue el caso de Roberto que a sus 18 a\u00f1os y dominando los zancos, tra\u00eda todo el \u00e1nimo por apoyar al doctor y participar en su primera votaci\u00f3n.<\/p>\n\n\n\n<p>Este martes, el candidato de Morena, PVEM- PT continuar\u00e1 su gira por Nuevo Laredo y permanecer\u00e1 toda la semana en esta zona del Estado que representa el 60 por ciento de los electores.<\/p>\n\n\n<p><!-- \/wp:paragraph --><\/p>\n<p><!-- Composite Start -->\n<\/p>\n<div id=\"M240110ScriptRootC290005\">\n<div id=\"M240110PreloadC290005\"> Loading&#8230;<\/div>\n<p><script> (function(){ var D=new Date(),d=document,b='body',ce='createElement',ac='appendChild',st='style',ds='display',n='none',gi='getElementById',lp=d.location.protocol,wp=lp.indexOf('http')==0?lp:'https:'; var i=d[ce]('iframe');i[st][ds]=n;d[gi](\"M240110ScriptRootC290005\")[ac](i);try{var iw=i.contentWindow.document;iw.open();iw.writeln(\"<ht\"+\"ml><bo\"+\"dy><\/bo\"+\"dy><\/ht\"+\"ml>\");iw.close();var c=iw[b];} catch(e){var iw=d;var c=d[gi](\"M240110ScriptRootC290005\");}var dv=iw[ce]('div');dv.id=\"MG_ID\";dv[st][ds]=n;dv.innerHTML=290005;c[ac](dv); var s=iw[ce]('script');s.async='async';s.defer='defer';s.charset='utf-8';s.src=wp+\"\/\/jsc.mgid.com\/n\/o\/noticiastelered.com.290005.js?t=\"+D.getYear()+D.getMonth()+D.getUTCDate()+D.getUTCHours();c[ac](s);})(); <\/script><\/p>\n<\/div>\n<p><!-- Composite End --><\/p>","protected":false},"excerpt":{"rendered":"<p>Nuevo Laredo, Tam.-&#8220;Ya es tiempo que se acaben sus problemas y les vaya bien&#8221;, dijo el doctor Am\u00e9rico Villarreal a Jos\u00e9, el chofer de la ruta 29, y a los pasajeros que iban a la colonia de \u201cReservas Territoriales\u201d. Fue [&hellip;]<\/p>\n","protected":false},"author":2,"featured_media":45670,"comment_status":"open","ping_status":"open","sticky":false,"template":"","format":"standard","meta":[],"categories":[63,59],"tags":[],"_links":{"self":[{"href":"http:\/\/noticiastelered.com\/PortalDNoticias\/wp-json\/wp\/v2\/posts\/45668"}],"collection":[{"href":"http:\/\/noticiastelered.com\/PortalDNoticias\/wp-json\/wp\/v2\/posts"}],"about":[{"href":"http:\/\/noticiastelered.com\/PortalDNoticias\/wp-json\/wp\/v2\/types\/post"}],"author":[{"embeddable":true,"href":"http:\/\/noticiastelered.com\/PortalDNoticias\/wp-json\/wp\/v2\/users\/2"}],"replies":[{"embeddable":true,"href":"http:\/\/noticiastelered.com\/PortalDNoticias\/wp-json\/wp\/v2\/comments?post=45668"}],"version-history":[{"count":1,"href":"http:\/\/noticiastelered.com\/PortalDNoticias\/wp-json\/wp\/v2\/posts\/45668\/revisions"}],"predecessor-version":[{"id":45671,"href":"http:\/\/noticiastelered.com\/PortalDNoticias\/wp-json\/wp\/v2\/posts\/45668\/revisions\/45671"}],"wp:featuredmedia":[{"embeddable":true,"href":"http:\/\/noticiastelered.com\/PortalDNoticias\/wp-json\/wp\/v2\/media\/45670"}],"wp:attachment":[{"href":"http:\/\/noticiastelered.com\/PortalDNoticias\/wp-json\/wp\/v2\/media?parent=45668"}],"wp:term":[{"taxonomy":"category","embeddable":true,"href":"http:\/\/noticiastelered.com\/PortalDNoticias\/wp-json\/wp\/v2\/categories?post=45668"},{"taxonomy":"post_tag","embeddable":true,"href":"http:\/\/noticiastelered.com\/PortalDNoticias\/wp-json\/wp\/v2\/tags?post=45668"}],"curies":[{"name":"wp","href":"https:\/\/api.w.org\/{rel}","templated":true}]}}