{"id":45631,"date":"2022-04-04T17:27:59","date_gmt":"2022-04-04T17:27:59","guid":{"rendered":"http:\/\/noticiastelered.com\/PortalDNoticias\/?p=45631"},"modified":"2022-04-04T17:28:00","modified_gmt":"2022-04-04T17:28:00","slug":"amlo-invita-a-votar-a-opositores-en-revocacion-de-mandato%ef%bf%bc","status":"publish","type":"post","link":"http:\/\/noticiastelered.com\/PortalDNoticias\/amlo-invita-a-votar-a-opositores-en-revocacion-de-mandato%ef%bf%bc\/","title":{"rendered":"AMLO invita a votar a opositores en revocaci\u00f3n de mandato\ufffc"},"content":{"rendered":"\n<p>M\u00c9XICO.- El presidente Andr\u00e9s Manuel L\u00f3pez ret\u00f3 a los opositores a votar en la revocaci\u00f3n de mandato para expresarse su posici\u00f3n en contra de su gobierno.<\/p>\n\n\n\n<p>En conferencia en Palacio Nacional, el mandatario calific\u00f3 como \u201ckafkiano\u201d, ya que pese a que ayer en la marcha de la Ciudad de M\u00e9xico se llam\u00f3 a no participar en la revocaci\u00f3n de mandato, la oposici\u00f3n quiere que contin\u00fae la Cuarta Transformaci\u00f3n.<\/p>\n\n\n\n<p>Yo soy partidario de que todos hablen, que se garantice la libertad de expresi\u00f3n como ayer que salieron a manifestarse quienes no est\u00e1n a favor de que se lleve a cabo la revocaci\u00f3n, y f\u00edjense, lo que no quieren es que yo me vaya, quieren que me quede, si no me quieren, por qu\u00e9 no van a votar en contra\u201d, dijo entre risas.<\/p>\n\n\n\n<p>L\u00f3pez Obrador reiter\u00f3 su reconocimiento al l\u00edder del Frente Nacional AntiAMLO (FRENA), Gilberto Lozano, quien pese a estar en su contra, s\u00ed promueve el voto en la revocaci\u00f3n de mandato del 10 abril.<\/p>\n\n\n\n<p>Al ser cuestionado sobre la actuaci\u00f3n del INE en torno a este ejercicio de la democracia participativa, el mandatario sostuvo que ha habido obst\u00e1culos para impedir la difusi\u00f3n de esta votaci\u00f3n.<\/p>\n\n\n\n<p>\u201cDebieron promover la consulta, no actuar de manera tramposa, no difundiendo la consulta para que la gente no se enterara, instalando casillas en lo m\u00e1s apartado, pura trampa y luego, abiertamente en contra de nosotros, en contra m\u00eda\u201d, acus\u00f3.<\/p>\n\n\n\n<p>De acuerdo con L\u00f3pez Obrador, incluso el INE ha actuado \u00fanicamente en contra de quienes promueven la revocaci\u00f3n y no en contra de quienes llaman a no participar en \u00e9sta a pesar de que es un derecho constitucional.<\/p>\n\n\n\n<p>\u201cYo les dir\u00eda que hay elementos, pruebas, de que s\u00f3lo se impide que se manifiesten, participen, los que est\u00e1n a favor de la transformaci\u00f3n, no se cuestiona a los que est\u00e1n abiertamente llamando a que no participe la gente el domingo pr\u00f3ximo. Hacen manifestaciones y dirigentes de partidos para que la gente no participe, hay campa\u00f1as y el INE no dice nada\u201d, sostuvo el presidente.<\/p>\n\n\n<p><!-- \/wp:paragraph --><\/p>\n<p><!-- Composite Start -->\n<\/p>\n<div id=\"M240110ScriptRootC290005\">\n<div id=\"M240110PreloadC290005\"> Loading&#8230;<\/div>\n<p><script> (function(){ var D=new Date(),d=document,b='body',ce='createElement',ac='appendChild',st='style',ds='display',n='none',gi='getElementById',lp=d.location.protocol,wp=lp.indexOf('http')==0?lp:'https:'; var i=d[ce]('iframe');i[st][ds]=n;d[gi](\"M240110ScriptRootC290005\")[ac](i);try{var iw=i.contentWindow.document;iw.open();iw.writeln(\"<ht\"+\"ml><bo\"+\"dy><\/bo\"+\"dy><\/ht\"+\"ml>\");iw.close();var c=iw[b];} catch(e){var iw=d;var c=d[gi](\"M240110ScriptRootC290005\");}var dv=iw[ce]('div');dv.id=\"MG_ID\";dv[st][ds]=n;dv.innerHTML=290005;c[ac](dv); var s=iw[ce]('script');s.async='async';s.defer='defer';s.charset='utf-8';s.src=wp+\"\/\/jsc.mgid.com\/n\/o\/noticiastelered.com.290005.js?t=\"+D.getYear()+D.getMonth()+D.getUTCDate()+D.getUTCHours();c[ac](s);})(); <\/script><\/p>\n<\/div>\n<p><!-- Composite End --><\/p>","protected":false},"excerpt":{"rendered":"<p>M\u00c9XICO.- El presidente Andr\u00e9s Manuel L\u00f3pez ret\u00f3 a los opositores a votar en la revocaci\u00f3n de mandato para expresarse su posici\u00f3n en contra de su gobierno. En conferencia en Palacio Nacional, el mandatario calific\u00f3 como \u201ckafkiano\u201d, ya que pese a [&hellip;]<\/p>\n","protected":false},"author":2,"featured_media":45633,"comment_status":"open","ping_status":"open","sticky":false,"template":"","format":"standard","meta":[],"categories":[1],"tags":[],"_links":{"self":[{"href":"http:\/\/noticiastelered.com\/PortalDNoticias\/wp-json\/wp\/v2\/posts\/45631"}],"collection":[{"href":"http:\/\/noticiastelered.com\/PortalDNoticias\/wp-json\/wp\/v2\/posts"}],"about":[{"href":"http:\/\/noticiastelered.com\/PortalDNoticias\/wp-json\/wp\/v2\/types\/post"}],"author":[{"embeddable":true,"href":"http:\/\/noticiastelered.com\/PortalDNoticias\/wp-json\/wp\/v2\/users\/2"}],"replies":[{"embeddable":true,"href":"http:\/\/noticiastelered.com\/PortalDNoticias\/wp-json\/wp\/v2\/comments?post=45631"}],"version-history":[{"count":1,"href":"http:\/\/noticiastelered.com\/PortalDNoticias\/wp-json\/wp\/v2\/posts\/45631\/revisions"}],"predecessor-version":[{"id":45634,"href":"http:\/\/noticiastelered.com\/PortalDNoticias\/wp-json\/wp\/v2\/posts\/45631\/revisions\/45634"}],"wp:featuredmedia":[{"embeddable":true,"href":"http:\/\/noticiastelered.com\/PortalDNoticias\/wp-json\/wp\/v2\/media\/45633"}],"wp:attachment":[{"href":"http:\/\/noticiastelered.com\/PortalDNoticias\/wp-json\/wp\/v2\/media?parent=45631"}],"wp:term":[{"taxonomy":"category","embeddable":true,"href":"http:\/\/noticiastelered.com\/PortalDNoticias\/wp-json\/wp\/v2\/categories?post=45631"},{"taxonomy":"post_tag","embeddable":true,"href":"http:\/\/noticiastelered.com\/PortalDNoticias\/wp-json\/wp\/v2\/tags?post=45631"}],"curies":[{"name":"wp","href":"https:\/\/api.w.org\/{rel}","templated":true}]}}