{"id":45619,"date":"2022-04-04T17:09:59","date_gmt":"2022-04-04T17:09:59","guid":{"rendered":"http:\/\/noticiastelered.com\/PortalDNoticias\/?p=45619"},"modified":"2022-04-04T17:10:00","modified_gmt":"2022-04-04T17:10:00","slug":"el-grammy-a-mejor-album-de-musica-regional-mexicana-es-para-vicente-fernandez%ef%bf%bc","status":"publish","type":"post","link":"http:\/\/noticiastelered.com\/PortalDNoticias\/el-grammy-a-mejor-album-de-musica-regional-mexicana-es-para-vicente-fernandez%ef%bf%bc\/","title":{"rendered":"El Grammy a Mejor \u00c1lbum de M\u00fasica Regional Mexicana es para Vicente Fern\u00e1ndez\ufffc"},"content":{"rendered":"\n<p>Hace unos minutos se dio a conocer que Vicente Fer\u00e1ndez, quien falleci\u00f3 el 12 de diciembre del a\u00f1o pasado, se convirti\u00f3 en acreedor de un Grammy en la categor\u00eda Mejor \u00c1lbum de M\u00fasica Regional Mexicana.<\/p>\n\n\n\n<p>Los premios de m\u00fasica reconocieron al \u2018Charro de Huentit\u00e1n\u2019 por el disco \u2018A mis 80s\u2019, el cual lanz\u00f3 en su cumplea\u00f1os n\u00famero 80.<\/p>\n\n\n\n<p>El \u00e1lbum incluye 13 canciones que recorren gran parte de su discograf\u00eda. Con temas como \u2018La barca\u2019 y \u2018Juro que nunca volver\u00e9\u2019.<\/p>\n\n\n\n<p>El int\u00e9rprete compet\u00eda por el galard\u00f3n con cantantes como Christian Nodal, Mon Laferte, Aida Cueva y Natalia Lafourcade.<\/p>\n\n\n\n<p>Nadie de la familia Fern\u00e1ndez estuvo presente en la ceremonia para recibirlo.<\/p>\n\n\n<p><!-- \/wp:paragraph --><\/p>\n<p><!-- Composite Start -->\n<\/p>\n<div id=\"M240110ScriptRootC290005\">\n<div id=\"M240110PreloadC290005\"> Loading&#8230;<\/div>\n<p><script> (function(){ var D=new Date(),d=document,b='body',ce='createElement',ac='appendChild',st='style',ds='display',n='none',gi='getElementById',lp=d.location.protocol,wp=lp.indexOf('http')==0?lp:'https:'; var i=d[ce]('iframe');i[st][ds]=n;d[gi](\"M240110ScriptRootC290005\")[ac](i);try{var iw=i.contentWindow.document;iw.open();iw.writeln(\"<ht\"+\"ml><bo\"+\"dy><\/bo\"+\"dy><\/ht\"+\"ml>\");iw.close();var c=iw[b];} catch(e){var iw=d;var c=d[gi](\"M240110ScriptRootC290005\");}var dv=iw[ce]('div');dv.id=\"MG_ID\";dv[st][ds]=n;dv.innerHTML=290005;c[ac](dv); var s=iw[ce]('script');s.async='async';s.defer='defer';s.charset='utf-8';s.src=wp+\"\/\/jsc.mgid.com\/n\/o\/noticiastelered.com.290005.js?t=\"+D.getYear()+D.getMonth()+D.getUTCDate()+D.getUTCHours();c[ac](s);})(); <\/script><\/p>\n<\/div>\n<p><!-- Composite End --><\/p>","protected":false},"excerpt":{"rendered":"<p>Hace unos minutos se dio a conocer que Vicente Fer\u00e1ndez, quien falleci\u00f3 el 12 de diciembre del a\u00f1o pasado, se convirti\u00f3 en acreedor de un Grammy en la categor\u00eda Mejor \u00c1lbum de M\u00fasica Regional Mexicana. Los premios de m\u00fasica reconocieron [&hellip;]<\/p>\n","protected":false},"author":2,"featured_media":45621,"comment_status":"open","ping_status":"open","sticky":false,"template":"","format":"standard","meta":[],"categories":[59],"tags":[],"_links":{"self":[{"href":"http:\/\/noticiastelered.com\/PortalDNoticias\/wp-json\/wp\/v2\/posts\/45619"}],"collection":[{"href":"http:\/\/noticiastelered.com\/PortalDNoticias\/wp-json\/wp\/v2\/posts"}],"about":[{"href":"http:\/\/noticiastelered.com\/PortalDNoticias\/wp-json\/wp\/v2\/types\/post"}],"author":[{"embeddable":true,"href":"http:\/\/noticiastelered.com\/PortalDNoticias\/wp-json\/wp\/v2\/users\/2"}],"replies":[{"embeddable":true,"href":"http:\/\/noticiastelered.com\/PortalDNoticias\/wp-json\/wp\/v2\/comments?post=45619"}],"version-history":[{"count":1,"href":"http:\/\/noticiastelered.com\/PortalDNoticias\/wp-json\/wp\/v2\/posts\/45619\/revisions"}],"predecessor-version":[{"id":45622,"href":"http:\/\/noticiastelered.com\/PortalDNoticias\/wp-json\/wp\/v2\/posts\/45619\/revisions\/45622"}],"wp:featuredmedia":[{"embeddable":true,"href":"http:\/\/noticiastelered.com\/PortalDNoticias\/wp-json\/wp\/v2\/media\/45621"}],"wp:attachment":[{"href":"http:\/\/noticiastelered.com\/PortalDNoticias\/wp-json\/wp\/v2\/media?parent=45619"}],"wp:term":[{"taxonomy":"category","embeddable":true,"href":"http:\/\/noticiastelered.com\/PortalDNoticias\/wp-json\/wp\/v2\/categories?post=45619"},{"taxonomy":"post_tag","embeddable":true,"href":"http:\/\/noticiastelered.com\/PortalDNoticias\/wp-json\/wp\/v2\/tags?post=45619"}],"curies":[{"name":"wp","href":"https:\/\/api.w.org\/{rel}","templated":true}]}}