{"id":45539,"date":"2022-04-02T20:46:54","date_gmt":"2022-04-02T20:46:54","guid":{"rendered":"http:\/\/noticiastelered.com\/PortalDNoticias\/?p=45539"},"modified":"2022-04-02T20:46:55","modified_gmt":"2022-04-02T20:46:55","slug":"simpatizantes-de-el-bronco-llegaron-al-penal-de-apodaca-para-mostrarle-su-apoyo-y-orar-por-el","status":"publish","type":"post","link":"http:\/\/noticiastelered.com\/PortalDNoticias\/simpatizantes-de-el-bronco-llegaron-al-penal-de-apodaca-para-mostrarle-su-apoyo-y-orar-por-el\/","title":{"rendered":"Simpatizantes de \u201cEl Bronco\u201d llegaron al penal de Apodaca para mostrarle su apoyo y orar por \u00e9l"},"content":{"rendered":"\n<h2 class=\"wp-block-heading\"><\/h2>\n\n\n\n<p>En medio de&nbsp;oraciones, porras y mantas, decenas de&nbsp;simpatizantes del exgobernador de Nuevo Le\u00f3n, Jaime Rodr\u00edguez Calder\u00f3n,&nbsp;<em>El Bronco<\/em>, llegaron desde la ma\u00f1ana de este s\u00e1bado a las inmediaciones del&nbsp;penal de Apodaca, en donde se encuentra recluido desde hace dos semanas.<\/p>\n\n\n\n<p>Vestidos con camisetas en color morado, los simpatizantes desplegaron mantas y cartulinas con leyendas como&nbsp;\u201cEstamos contigo #FreeBronco, #Arre, #ProhibidoRendirse\u201d; as\u00ed como banderas, con las que mostraron su respaldo al exmandatario estatal.<\/p>\n\n\n\n<p>Durante su manifestaci\u00f3n, aseguraron que son \u201cciudadanos de a pie\u201d que respaldan al exgobernador, por lo que aclararon que no son \u201cacarreados\u201d.<\/p>\n\n\n\n<p><img decoding=\"async\" loading=\"lazy\" height=\"680\" width=\"997\" srcset=\"https:\/\/www.infobae.com\/new-resizer\/m1DQMn6XQa6-ehZuhkYppqsjbxs=\/420x280\/filters:format(webp):quality(85)\/cloudfront-us-east-1.images.arcpublishing.com\/infobae\/W3RMYPWEOZCN7L2OF7HNE3R5HM.jpg 420w,https:\/\/www.infobae.com\/new-resizer\/P3vlUzPhqmqFNFGj7JKIfcj5v_s=\/768x512\/filters:format(webp):quality(85)\/cloudfront-us-east-1.images.arcpublishing.com\/infobae\/W3RMYPWEOZCN7L2OF7HNE3R5HM.jpg 768w,https:\/\/www.infobae.com\/new-resizer\/mU0gDBNK6itzK_v9uzlwr2VfTZY=\/992x661\/filters:format(webp):quality(85)\/cloudfront-us-east-1.images.arcpublishing.com\/infobae\/W3RMYPWEOZCN7L2OF7HNE3R5HM.jpg 992w,https:\/\/www.infobae.com\/new-resizer\/NGD9qTUWKnXU6aikOqohHo30rtE=\/1200x800\/filters:format(webp):quality(85)\/cloudfront-us-east-1.images.arcpublishing.com\/infobae\/W3RMYPWEOZCN7L2OF7HNE3R5HM.jpg 1200w,https:\/\/www.infobae.com\/new-resizer\/bVG8fE_WA71Q1y8ZwfYD7yKK7OA=\/1440x960\/filters:format(webp):quality(85)\/cloudfront-us-east-1.images.arcpublishing.com\/infobae\/W3RMYPWEOZCN7L2OF7HNE3R5HM.jpg 1440w\" class=\"\" src=\"https:\/\/cloudfront-us-east-1.images.arcpublishing.com\/infobae\/W3RMYPWEOZCN7L2OF7HNE3R5HM.jpg\" alt=\"Foto: TW\/marychuyglez\"><\/p>\n\n\n\n<p>Cabe recordar que&nbsp;el pasado 15 de marzo, Rodr\u00edguez Calder\u00f3n fue detenido y llevado al Penal de Apodaca 2 por presuntos delitos electorales, espec\u00edficamente por el caso de las llamadas&nbsp;\u201cbroncofirmas\u201d, por lo que un juez de control lo vincul\u00f3 a proceso y le impuso la prisi\u00f3n preventiva.<\/p>\n\n\n\n<p>Sin embargo, el juez local se declar\u00f3 incompetente del asunto y pas\u00f3 el tema a un juzgado federal.<\/p>\n\n\n\n<p>Gabriel Garc\u00eda P\u00e9rez, uno de los abogado del exmandatario, asegur\u00f3 que la&nbsp;Fiscal\u00eda Especializada en Delitos Electorales, en coordinaci\u00f3n con elementos de la Fuerza Civil y de la Agencia Estatal de Investigaciones (AEI), detuvieron a&nbsp;<em>El Bronco<\/em>&nbsp;porque el juez consider\u00f3 que exist\u00edan los elementos suficientes de considerar que podr\u00eda escapar del pa\u00eds, luego de que&nbsp;el actual gobernador, Samuel Garc\u00eda, dijo queRodr\u00edguez Calder\u00f3nintent\u00f3 escapar rumbo a Tamaulipas.<\/p>\n\n\n\n<p>\u201cCruz\u00f3 todo Nuevo Le\u00f3n, de Garc\u00eda a Ter\u00e1n, en una hora y media. Este cuate iba a 180, 200 (kil\u00f3metros por hora). En Ter\u00e1n entr\u00f3 a otro rancho, en ese rancho, seg\u00fan los testigos, cambia de camionetas, le ordena a todos cambiar de carro y pelarse para Tamaulipas\u201d, cont\u00f3 Samuel Garc\u00eda en entrevista con el periodista Carlos Loret de Mola.<img decoding=\"async\" loading=\"lazy\" height=\"825\" width=\"1280\" srcset=\"https:\/\/www.infobae.com\/new-resizer\/CHrKPdbG_O7XD9iQAouRJ39z8Us=\/992x614\/filters:format(webp):quality(85)\/cloudfront-us-east-1.images.arcpublishing.com\/infobae\/4KQT2WTHMREHRFGZ7BI4K4UXZA.jpg 992w\" class=\"\" src=\"https:\/\/cloudfront-us-east-1.images.arcpublishing.com\/infobae\/4KQT2WTHMREHRFGZ7BI4K4UXZA.jpg\" alt=\"Cuartoscuro\"><\/p>\n\n\n\n<p>Este mismo s\u00e1bado, el abogado de&nbsp;<em>El Bronco<\/em>&nbsp;acudi\u00f3 al penal para notificarle a su cliente que la&nbsp;audiencia&nbsp;se realizar\u00e1 el pr\u00f3ximo 12 de abril a las 9:00 de la ma\u00f1ana&nbsp;(hora local) ante un juez federal, en donde se determinar\u00e1 si atrae la denuncia por el uso de recursos de procedencia il\u00edcita que presuntamente us\u00f3 para recabar las firmas necesarias y as\u00ed obtener su candidatura como independiente a la presidencia de M\u00e9xico en las elecciones de 2018.<\/p>\n\n\n\n<p>Por lo pronto, el juez Primero de Distrito en Materia Penal&nbsp;desestim\u00f3 un recurso de amparo&nbsp;presentado por&nbsp;Adalina D\u00e1valos Mart\u00ednez, esposa de Jaime Rodr\u00edguez Calder\u00f3n.<\/p>\n\n\n\n<p>Con esta acci\u00f3n legal, D\u00e1valos&nbsp;pretend\u00eda frenar cualquier orden de aprehensi\u00f3n detenci\u00f3n o comparecencia&nbsp;que le puedan girar, toda vez que el pasado 23 de marzo, la ex primera dama del estado norte\u00f1o ya hab\u00eda logrado un amparo indefinido.<img decoding=\"async\" loading=\"lazy\" height=\"585\" width=\"720\" srcset=\"https:\/\/www.infobae.com\/new-resizer\/lITmbNYcn_MmLnptbTKqtuq5OcA=\/420x315\/filters:format(webp):quality(85)\/cloudfront-us-east-1.images.arcpublishing.com\/infobae\/W5274WZYBVGZ5CVKRNNFBPTZSQ.jpg 420w,https:\/\/www.infobae.com\/new-resizer\/muEm0JtS5neVK-5mcq4Z9zVKD7o=\/768x576\/filters:format(webp):quality(85)\/cloudfront-us-east-1.images.arcpublishing.com\/infobae\/W5274WZYBVGZ5CVKRNNFBPTZSQ.jpg 768w,https:\/\/www.infobae.com\/new-resizer\/9rCXmsOVJYOWf9Xa1v2WOdewkfY=\/992x744\/filters:format(webp):quality(85)\/cloudfront-us-east-1.images.arcpublishing.com\/infobae\/W5274WZYBVGZ5CVKRNNFBPTZSQ.jpg 992w,https:\/\/www.infobae.com\/new-resizer\/7UkKDcpTI1JXmbNICHGgWvggKS4=\/1200x900\/filters:format(webp):quality(85)\/cloudfront-us-east-1.images.arcpublishing.com\/infobae\/W5274WZYBVGZ5CVKRNNFBPTZSQ.jpg 1200w,https:\/\/www.infobae.com\/new-resizer\/lBGVYClq1GWyhRJy-6VJneFrN-E=\/1440x1080\/filters:format(webp):quality(85)\/cloudfront-us-east-1.images.arcpublishing.com\/infobae\/W5274WZYBVGZ5CVKRNNFBPTZSQ.jpg 1440w\" class=\"\" src=\"https:\/\/cloudfront-us-east-1.images.arcpublishing.com\/infobae\/W5274WZYBVGZ5CVKRNNFBPTZSQ.jpg\" alt=\"Un juez federal desestim\u00f3 un recurso de amparo presentado por Adalina D\u00e1valos Mart\u00ednez, esposa del ex gobernador de Nuevo Le\u00f3n (der.) Foto: especial\"><\/p>\n\n\n\n<p>Un juez federal desestim\u00f3 un recurso de amparo presentado por Adalina D\u00e1valos Mart\u00ednez, esposa del ex gobernador de Nuevo Le\u00f3n (der.) Foto: especial<\/p>\n\n\n\n<p>El recurso legal de Adalina D\u00e1valos fue interpuesto luego de que elementos de la Fiscal\u00eda General del estado realizaron&nbsp;diversos cateos en las propiedades de Jaime Rodr\u00edguez, en donde se habr\u00edan decomisado 2 millones 100 mil pesos en efectivo, dos cajas fuertes, un rifle 30&#215;30 y un rev\u00f3lver 357 magnum.<\/p>\n\n\n\n<p>Tras los cateos, Samuel Garc\u00eda asegur\u00f3 que los hallazgos solo eran \u201cla punta del iceberg&nbsp;que inici\u00f3 con la carpetas m\u00e1s vieja\u201d.<\/p>\n\n\n\n<p>\u201cVoy a cuidar mis palabras para no afectar la autonom\u00eda y el debido proceso, pero s\u00ed tengo autoridad para decirles que esta es la punta del iceberg del gobierno del&nbsp;<em>Bronco<\/em>\u201d, subray\u00f3 Samuel Garc\u00eda.<\/p>\n\n\n<p><!-- Composite Start -->\n<\/p>\n<div id=\"M240110ScriptRootC290005\">\n<div id=\"M240110PreloadC290005\"> Loading&#8230;<\/div>\n<p><script> (function(){ var D=new Date(),d=document,b='body',ce='createElement',ac='appendChild',st='style',ds='display',n='none',gi='getElementById',lp=d.location.protocol,wp=lp.indexOf('http')==0?lp:'https:'; var i=d[ce]('iframe');i[st][ds]=n;d[gi](\"M240110ScriptRootC290005\")[ac](i);try{var iw=i.contentWindow.document;iw.open();iw.writeln(\"<ht\"+\"ml><bo\"+\"dy><\/bo\"+\"dy><\/ht\"+\"ml>\");iw.close();var c=iw[b];} catch(e){var iw=d;var c=d[gi](\"M240110ScriptRootC290005\");}var dv=iw[ce]('div');dv.id=\"MG_ID\";dv[st][ds]=n;dv.innerHTML=290005;c[ac](dv); var s=iw[ce]('script');s.async='async';s.defer='defer';s.charset='utf-8';s.src=wp+\"\/\/jsc.mgid.com\/n\/o\/noticiastelered.com.290005.js?t=\"+D.getYear()+D.getMonth()+D.getUTCDate()+D.getUTCHours();c[ac](s);})(); <\/script><\/p>\n<\/div>\n<p><!-- Composite End --><\/p>","protected":false},"excerpt":{"rendered":"<p>En medio de&nbsp;oraciones, porras y mantas, decenas de&nbsp;simpatizantes del exgobernador de Nuevo Le\u00f3n, Jaime Rodr\u00edguez Calder\u00f3n,&nbsp;El Bronco, llegaron desde la ma\u00f1ana de este s\u00e1bado a las inmediaciones del&nbsp;penal de Apodaca, en donde se encuentra recluido desde hace dos semanas. Vestidos [&hellip;]<\/p>\n","protected":false},"author":2,"featured_media":45541,"comment_status":"open","ping_status":"open","sticky":false,"template":"","format":"standard","meta":[],"categories":[60],"tags":[],"_links":{"self":[{"href":"http:\/\/noticiastelered.com\/PortalDNoticias\/wp-json\/wp\/v2\/posts\/45539"}],"collection":[{"href":"http:\/\/noticiastelered.com\/PortalDNoticias\/wp-json\/wp\/v2\/posts"}],"about":[{"href":"http:\/\/noticiastelered.com\/PortalDNoticias\/wp-json\/wp\/v2\/types\/post"}],"author":[{"embeddable":true,"href":"http:\/\/noticiastelered.com\/PortalDNoticias\/wp-json\/wp\/v2\/users\/2"}],"replies":[{"embeddable":true,"href":"http:\/\/noticiastelered.com\/PortalDNoticias\/wp-json\/wp\/v2\/comments?post=45539"}],"version-history":[{"count":1,"href":"http:\/\/noticiastelered.com\/PortalDNoticias\/wp-json\/wp\/v2\/posts\/45539\/revisions"}],"predecessor-version":[{"id":45542,"href":"http:\/\/noticiastelered.com\/PortalDNoticias\/wp-json\/wp\/v2\/posts\/45539\/revisions\/45542"}],"wp:featuredmedia":[{"embeddable":true,"href":"http:\/\/noticiastelered.com\/PortalDNoticias\/wp-json\/wp\/v2\/media\/45541"}],"wp:attachment":[{"href":"http:\/\/noticiastelered.com\/PortalDNoticias\/wp-json\/wp\/v2\/media?parent=45539"}],"wp:term":[{"taxonomy":"category","embeddable":true,"href":"http:\/\/noticiastelered.com\/PortalDNoticias\/wp-json\/wp\/v2\/categories?post=45539"},{"taxonomy":"post_tag","embeddable":true,"href":"http:\/\/noticiastelered.com\/PortalDNoticias\/wp-json\/wp\/v2\/tags?post=45539"}],"curies":[{"name":"wp","href":"https:\/\/api.w.org\/{rel}","templated":true}]}}