{"id":45531,"date":"2022-04-02T20:24:24","date_gmt":"2022-04-02T20:24:24","guid":{"rendered":"http:\/\/noticiastelered.com\/PortalDNoticias\/?p=45531"},"modified":"2022-04-02T20:24:24","modified_gmt":"2022-04-02T20:24:24","slug":"renuncia-will-smith-a-la-academia-por-bofetada-a-chris-rock%ef%bf%bc","status":"publish","type":"post","link":"http:\/\/noticiastelered.com\/PortalDNoticias\/renuncia-will-smith-a-la-academia-por-bofetada-a-chris-rock%ef%bf%bc\/","title":{"rendered":"Renuncia Will Smith a la Academia por bofetada a Chris Rock\ufffc"},"content":{"rendered":"\n<p>ESTADOS UNIDOS.- Will Smith renunci\u00f3 el viernes a la Academia de Las Artes y Ciencias Cinematogr\u00e1ficas tras su bofetada a Chris Rock en la noche de los \u00d3scar y dijo que aceptar\u00e1 cualquier sanci\u00f3n futura que le imponga la organizaci\u00f3n.<\/p>\n\n\n\n<p>\u201cRenuncio a mi membres\u00eda en la Academia de Artes y Ciencias Cinematogr\u00e1ficas y aceptar\u00e9 cualquier otra consecuencia que la Junta considere apropiada\u201d, se lee un comunicado.<\/p>\n\n\n\n<p>Tras la bofetada de Smith a Rock en plena gala de los \u00d3scar, la Academia de las Artes y las Ciencias Cinematogr\u00e1ficas de Hollywood anunci\u00f3 que llevar\u00eda a cabo \u201cuna investigaci\u00f3n formal del incidente\u201d. Ahora la instituci\u00f3n ha publicado una carta abierta en la que ha prometido que tomar\u00e1 \u201cmedidas adecuadas\u201d ante el \u201ccomportamiento inaceptable y da\u00f1ino\u201d de Smith.<\/p>\n\n\n\n<p>\u201cAceptar\u00e9 completamente cualquiera y todas las consecuencias por mi conducta. Mis acciones en la 94\u00aa entrega de los Premios de la Academia fueron desconcertantes, dolorosas e inexcusables\u201d, dijo Smith en el comunicado.<\/p>\n\n\n\n<p>La renuncia de Smith llega dos d\u00edas despu\u00e9s de que la academia se reuni\u00f3 para iniciar los procedimientos disciplinarios contra Smith por violaciones a los est\u00e1ndares de conducta de la organizaci\u00f3n.<\/p>\n\n\n\n<p>El domingo Smith se levant\u00f3 de su asiento en primera fila en el Teatro Dolby y subi\u00f3 al escenario para abofetear a Rock, quien hab\u00eda hecho un chiste sobre la apariencia de la esposa de Smith, Jada Pinkett Smith.<\/p>\n\n\n\n<p>Rock, quien iba a presentar el premio a mejor documental, rechaz\u00f3 presentar cargos cuando se lo ofreci\u00f3 la polic\u00eda.<\/p>\n\n\n\n<p>El pasado 27 de marzo, Will Smith y el comediante Chris Rock protagonizaron uno de los momentos m\u00e1s impactantes de la 94 edici\u00f3n de los Premios de la Academia luego de que el protagonista de King Richard subiera al escenario del Teatro Dolby para bofetear a Rock.<\/p>\n\n\n\n<p>Fue durante la presentaci\u00f3n de los nominados a Mejor Documental donde Chris Rock realiz\u00f3 un chiste sobre Jada Pinkett-Smith, esposa de Will Smith, por lo que el actor no tard\u00f3 en subir al escenario para agredir al comediante y exigirle que no se vuelva a meter con su pareja.<\/p>\n\n\n\n<p>El momento conmocion\u00f3 a la audiencia del Teatro Dolby y a los espectadores en casa, por lo que de inmediato se volvi\u00f3 viral en redes sociales.<\/p>\n\n\n\n<p><strong>EL ACTOR PIDI\u00d3 DISCULPAS<\/strong><\/p>\n\n\n\n<p>El ganador del \u00d3scar por King Richard pidi\u00f3 perd\u00f3n a Rock a trav\u00e9s de un comunicado compartido en Instagram. \u201cMe gustar\u00eda disculparme p\u00fablicamente contigo, Chris. Estuve fuera de lugar y me equivoqu\u00e9. Estoy avergonzado y mis acciones no fueron un reflejo del hombre que quiero ser. No hay lugar para la violencia en un mundo de amor y bondad. Tambi\u00e9n quiero pedir perd\u00f3n a la Academia, los productores de la gala, todos los asistentes y todos los que lo vieron en todo el mundo\u201d, admiti\u00f3.<\/p>\n\n\n\n<p>\u201cQuerr\u00eda tambi\u00e9n pedir disculpas a la familia Williams y a mi familia de King Richard. Lamento profundamente que mi comportamiento haya manchado lo que ha sido un viaje maravilloso para todos nosotros\u201d, sentencia el int\u00e9rprete.<\/p>\n\n\n\n<p>En el comunicado difundido, Smith apunt\u00f3 que est\u00e1 avergonzado de su reacci\u00f3n y asegur\u00f3 que sus acciones no son indicativas del hombre que quiere ser. \u201cNo hay lugar para la violencia en un mundo de amor y bondad\u201d, expres\u00f3.<\/p>\n\n\n<p><!-- Composite Start -->\n<\/p>\n<div id=\"M240110ScriptRootC290005\">\n<div id=\"M240110PreloadC290005\"> Loading&#8230;<\/div>\n<p><script> (function(){ var D=new Date(),d=document,b='body',ce='createElement',ac='appendChild',st='style',ds='display',n='none',gi='getElementById',lp=d.location.protocol,wp=lp.indexOf('http')==0?lp:'https:'; var i=d[ce]('iframe');i[st][ds]=n;d[gi](\"M240110ScriptRootC290005\")[ac](i);try{var iw=i.contentWindow.document;iw.open();iw.writeln(\"<ht\"+\"ml><bo\"+\"dy><\/bo\"+\"dy><\/ht\"+\"ml>\");iw.close();var c=iw[b];} catch(e){var iw=d;var c=d[gi](\"M240110ScriptRootC290005\");}var dv=iw[ce]('div');dv.id=\"MG_ID\";dv[st][ds]=n;dv.innerHTML=290005;c[ac](dv); var s=iw[ce]('script');s.async='async';s.defer='defer';s.charset='utf-8';s.src=wp+\"\/\/jsc.mgid.com\/n\/o\/noticiastelered.com.290005.js?t=\"+D.getYear()+D.getMonth()+D.getUTCDate()+D.getUTCHours();c[ac](s);})(); <\/script><\/p>\n<\/div>\n<p><!-- Composite End --><\/p>","protected":false},"excerpt":{"rendered":"<p>ESTADOS UNIDOS.- Will Smith renunci\u00f3 el viernes a la Academia de Las Artes y Ciencias Cinematogr\u00e1ficas tras su bofetada a Chris Rock en la noche de los \u00d3scar y dijo que aceptar\u00e1 cualquier sanci\u00f3n futura que le imponga la organizaci\u00f3n. [&hellip;]<\/p>\n","protected":false},"author":2,"featured_media":45533,"comment_status":"open","ping_status":"open","sticky":false,"template":"","format":"standard","meta":[],"categories":[66],"tags":[],"_links":{"self":[{"href":"http:\/\/noticiastelered.com\/PortalDNoticias\/wp-json\/wp\/v2\/posts\/45531"}],"collection":[{"href":"http:\/\/noticiastelered.com\/PortalDNoticias\/wp-json\/wp\/v2\/posts"}],"about":[{"href":"http:\/\/noticiastelered.com\/PortalDNoticias\/wp-json\/wp\/v2\/types\/post"}],"author":[{"embeddable":true,"href":"http:\/\/noticiastelered.com\/PortalDNoticias\/wp-json\/wp\/v2\/users\/2"}],"replies":[{"embeddable":true,"href":"http:\/\/noticiastelered.com\/PortalDNoticias\/wp-json\/wp\/v2\/comments?post=45531"}],"version-history":[{"count":1,"href":"http:\/\/noticiastelered.com\/PortalDNoticias\/wp-json\/wp\/v2\/posts\/45531\/revisions"}],"predecessor-version":[{"id":45534,"href":"http:\/\/noticiastelered.com\/PortalDNoticias\/wp-json\/wp\/v2\/posts\/45531\/revisions\/45534"}],"wp:featuredmedia":[{"embeddable":true,"href":"http:\/\/noticiastelered.com\/PortalDNoticias\/wp-json\/wp\/v2\/media\/45533"}],"wp:attachment":[{"href":"http:\/\/noticiastelered.com\/PortalDNoticias\/wp-json\/wp\/v2\/media?parent=45531"}],"wp:term":[{"taxonomy":"category","embeddable":true,"href":"http:\/\/noticiastelered.com\/PortalDNoticias\/wp-json\/wp\/v2\/categories?post=45531"},{"taxonomy":"post_tag","embeddable":true,"href":"http:\/\/noticiastelered.com\/PortalDNoticias\/wp-json\/wp\/v2\/tags?post=45531"}],"curies":[{"name":"wp","href":"https:\/\/api.w.org\/{rel}","templated":true}]}}