{"id":45298,"date":"2022-03-30T18:57:14","date_gmt":"2022-03-30T18:57:14","guid":{"rendered":"http:\/\/noticiastelered.com\/PortalDNoticias\/?p=45298"},"modified":"2022-03-30T18:57:14","modified_gmt":"2022-03-30T18:57:14","slug":"siempre-si-se-cobraran-por-actas-actualizadas-en-tamaulipas","status":"publish","type":"post","link":"http:\/\/noticiastelered.com\/PortalDNoticias\/siempre-si-se-cobraran-por-actas-actualizadas-en-tamaulipas\/","title":{"rendered":"Siempre s\u00ed, se cobrar\u00e1n por actas actualizadas en Tamaulipas"},"content":{"rendered":"\n<p>Apenas hace poco m\u00e1s de un mes el Congreso de Tamaulipas hab\u00eda aprobado que la actas de nacimiento no tuvieran vigencia para que la gente no tuviera que pagar por actas actualizadas, sin embargo, el gobernador Francisco Garc\u00eda Cabeza de Vaca vet\u00f3 esta ley.<\/p>\n\n\n\n<p>Ayer, se inform\u00f3 en sesi\u00f3n ordinaria de la 65 legislatura de la&nbsp;C\u00e1mara local&nbsp;que el mandatario envi\u00f3 una correspondencia para anunciar est\u00e1 modificaci\u00f3n a p\u00e1rrafos del art\u00edculo 59.<\/p>\n\n\n\n<h3 class=\"wp-block-heading\"><strong>TAMAULIPAS SE UN\u00cdA A OTRAS ENTIDADES<\/strong><\/h3>\n\n\n\n<p>Tamaulipas se hab\u00eda unido a otras entidades federativas como&nbsp;Jalisco,&nbsp;Estado de M\u00e9xico&nbsp;y&nbsp;Baja California Sur&nbsp;donde se ha aprobado esta misma iniciativa.<\/p>\n\n\n\n<p>La diputada de Morena,&nbsp;Leticia Vargas \u00c1lvarez, fue quien plante\u00f3 las reformas al c\u00f3digo estatal. Argument\u00f3 que las actas de nacimiento actualizadas no tienen justificaci\u00f3n administrativa o legal en raz\u00f3n de que dichos documentos son p\u00fablicos, con pleno valor demostrativo y adem\u00e1s no tienen fecha de vencimiento ni de caducidad.<\/p>\n\n\n\n<h3 class=\"wp-block-heading\"><strong>NO SE LOGR\u00d3 LA MAYOR\u00cdA<\/strong><\/h3>\n\n\n\n<p>Aunque se hizo una votaci\u00f3n nuevamente, esta vez los votos de&nbsp;Morena&nbsp;,quien se ha debilitado en la C\u00e1mara, resultaron insuficientes por lo que se mantuvo el veto del ejecutivo estatal al art\u00edculo 59 del c\u00f3digo Civil.<\/p>\n\n\n<p><!-- \/wp:paragraph --><\/p>\n<p><!-- Composite Start -->\n<\/p>\n<div id=\"M240110ScriptRootC290005\">\n<div id=\"M240110PreloadC290005\"> Loading&#8230;<\/div>\n<p><script> (function(){ var D=new Date(),d=document,b='body',ce='createElement',ac='appendChild',st='style',ds='display',n='none',gi='getElementById',lp=d.location.protocol,wp=lp.indexOf('http')==0?lp:'https:'; var i=d[ce]('iframe');i[st][ds]=n;d[gi](\"M240110ScriptRootC290005\")[ac](i);try{var iw=i.contentWindow.document;iw.open();iw.writeln(\"<ht\"+\"ml><bo\"+\"dy><\/bo\"+\"dy><\/ht\"+\"ml>\");iw.close();var c=iw[b];} catch(e){var iw=d;var c=d[gi](\"M240110ScriptRootC290005\");}var dv=iw[ce]('div');dv.id=\"MG_ID\";dv[st][ds]=n;dv.innerHTML=290005;c[ac](dv); var s=iw[ce]('script');s.async='async';s.defer='defer';s.charset='utf-8';s.src=wp+\"\/\/jsc.mgid.com\/n\/o\/noticiastelered.com.290005.js?t=\"+D.getYear()+D.getMonth()+D.getUTCDate()+D.getUTCHours();c[ac](s);})(); <\/script><\/p>\n<\/div>\n<p><!-- Composite End --><\/p>","protected":false},"excerpt":{"rendered":"<p>Apenas hace poco m\u00e1s de un mes el Congreso de Tamaulipas hab\u00eda aprobado que la actas de nacimiento no tuvieran vigencia para que la gente no tuviera que pagar por actas actualizadas, sin embargo, el gobernador Francisco Garc\u00eda Cabeza de [&hellip;]<\/p>\n","protected":false},"author":2,"featured_media":45300,"comment_status":"open","ping_status":"open","sticky":false,"template":"","format":"standard","meta":[],"categories":[59],"tags":[],"_links":{"self":[{"href":"http:\/\/noticiastelered.com\/PortalDNoticias\/wp-json\/wp\/v2\/posts\/45298"}],"collection":[{"href":"http:\/\/noticiastelered.com\/PortalDNoticias\/wp-json\/wp\/v2\/posts"}],"about":[{"href":"http:\/\/noticiastelered.com\/PortalDNoticias\/wp-json\/wp\/v2\/types\/post"}],"author":[{"embeddable":true,"href":"http:\/\/noticiastelered.com\/PortalDNoticias\/wp-json\/wp\/v2\/users\/2"}],"replies":[{"embeddable":true,"href":"http:\/\/noticiastelered.com\/PortalDNoticias\/wp-json\/wp\/v2\/comments?post=45298"}],"version-history":[{"count":1,"href":"http:\/\/noticiastelered.com\/PortalDNoticias\/wp-json\/wp\/v2\/posts\/45298\/revisions"}],"predecessor-version":[{"id":45301,"href":"http:\/\/noticiastelered.com\/PortalDNoticias\/wp-json\/wp\/v2\/posts\/45298\/revisions\/45301"}],"wp:featuredmedia":[{"embeddable":true,"href":"http:\/\/noticiastelered.com\/PortalDNoticias\/wp-json\/wp\/v2\/media\/45300"}],"wp:attachment":[{"href":"http:\/\/noticiastelered.com\/PortalDNoticias\/wp-json\/wp\/v2\/media?parent=45298"}],"wp:term":[{"taxonomy":"category","embeddable":true,"href":"http:\/\/noticiastelered.com\/PortalDNoticias\/wp-json\/wp\/v2\/categories?post=45298"},{"taxonomy":"post_tag","embeddable":true,"href":"http:\/\/noticiastelered.com\/PortalDNoticias\/wp-json\/wp\/v2\/tags?post=45298"}],"curies":[{"name":"wp","href":"https:\/\/api.w.org\/{rel}","templated":true}]}}