{"id":44327,"date":"2022-03-16T17:54:26","date_gmt":"2022-03-16T17:54:26","guid":{"rendered":"http:\/\/noticiastelered.com\/PortalDNoticias\/?p=44327"},"modified":"2022-03-16T17:54:27","modified_gmt":"2022-03-16T17:54:27","slug":"mexico-deporta-ilegalmente-a-juan-gerardo-trevino","status":"publish","type":"post","link":"http:\/\/noticiastelered.com\/PortalDNoticias\/mexico-deporta-ilegalmente-a-juan-gerardo-trevino\/","title":{"rendered":"M\u00e9xico deporta ilegalmente a Juan Gerardo Trevi\u00f1o"},"content":{"rendered":"\n<p>&#8211;<strong><em>Viola INAMI derechos de ciudadano mexicano al deportarlo a Estados Unidos, no admitiendo documentaci\u00f3n que acredita su nacionalidad y actuando arbitrariamente, lo env\u00eda al vecino pa\u00eds en forma expedita.<\/em><\/strong><\/p>\n\n\n\n<p>Por Indicio Media MX<\/p>\n\n\n\n<p>Ciudad de M\u00e9xico a 16 de marzo de 2022.- El Gobierno Federal deporto ilegalmente a un ciudadano mexicano, pese a que se aportaron pruebas de su nacimiento en Nuevo Laredo, Tamaulipas, violando la Constituci\u00f3n y tratados internacionales; adem\u00e1s no se le dio derecho a una audiencia ante un juez, de los dos que lo requer\u00edan en M\u00e9xico por presuntos delitos que se imputan.<\/p>\n\n\n\n<p>Juan Gerardo Trevi\u00f1o Ch\u00e1vez, naci\u00f3 en Nuevo Laredo, Tamaulipas, el 23 de agosto de 1982, y fue registrado en la Oficial\u00eda Primera del Registro Civil por sus padres, seg\u00fan consta en documentos oficiales; acta de nacimiento, CURP y la constancia de bautismo, donde la Parroquia San Pedro Ap\u00f3stol de Villaldama, Nuevo Le\u00f3n, hace constar su nacionalidad mexicana.<\/p>\n\n\n\n<p>La Secretaria de la Defensa Nacional, la Secretaria de Seguridad y Protecci\u00f3n Ciudadana Federal, as\u00ed como la Secretaria de Relaciones Exteriores violaron el debido proceso al deportar pese a que es ciudadano mexicano a Juan Gerardo Trevi\u00f1o Ch\u00e1vez, quien a trav\u00e9s de sus familiares presento la documentaci\u00f3n que as\u00ed lo acreditaba.<\/p>\n\n\n\n<p>La ma\u00f1ana del martes, en una conferencia de prensa, el titular de la SEDENA Luis Crescencio Sandoval, la secretaria de Seguridad P\u00fablica y Protecci\u00f3n Ciudadana Rosa Isela Rodr\u00edguez y el subsecretario de la misma dependencia Ricardo Mej\u00eda Verdejo dieron a conocer la detenci\u00f3n de Juan Gerardo Trevi\u00f1o Ch\u00e1vez, as\u00ed como su ilegal deportaci\u00f3n, se\u00f1alando que era ciudadano americano, sin mostrar documentaci\u00f3n que lo avalara.<\/p>\n\n\n\n<p>Juan Gerardo Trevi\u00f1o Ch\u00e1vez, de acuerdo a la informaci\u00f3n dada a conocer en la conferencia de prensa, contaba con tres mandamientos judiciales. Una en Tamaulipas por extorsi\u00f3n y asociaci\u00f3n delictuosa, otra en el estado de Coahuila por homicidio doloso, secuestro y terrorismo.<\/p>\n\n\n\n<p>Adem\u00e1s, una tercera orden de aprehensi\u00f3n provisional con de extradici\u00f3n, solicitada por el Gobierno de los Estados Unidos por asociaci\u00f3n delictuosa con la intenci\u00f3n de poseer y distribuir coca\u00edna y lavado de dinero.<\/p>\n\n\n\n<p>\u201cSi Estados Unidos sab\u00eda que Juan Gerardo era supuestamente ciudadano norteamericano, solo habr\u00eda girado la orden de aprehensi\u00f3n por los presuntos delitos cometidos en la Uni\u00f3n Americana, pero al solicitar su extradici\u00f3n reconoce su ciudadan\u00eda mexicana,\u201d, se\u00f1al\u00f3 un abogado constitucionalista.<\/p>\n\n\n\n<p>Agentes del Instituto Mexicano de Migraci\u00f3n ilegalmente entregaron a Juan Gerardo Trevi\u00f1o Ch\u00e1vez a las autoridades norteamericanas, violentando el debido proceso por tratarse de un ciudadano mexicano, lo cual reconoci\u00f3 la secretaria de Seguridad P\u00fablica y Protecci\u00f3n Ciudadana Federal, Rosa \u00cdcela Rodr\u00edguez.<\/p>\n\n\n\n<p>Trevi\u00f1o Ch\u00e1vez fue detenido en Nuevo Laredo, donde naci\u00f3 en 1982, presuntamente en posesi\u00f3n de dos armas y aunque ten\u00eda dos \u00f3rdenes de aprehensi\u00f3n vigentes en M\u00e9xico, se le violentaron sus derechos al no ser puesto a disposici\u00f3n de los jueces federales.<\/p>\n\n\n\n<p>Familiares de Trevi\u00f1o Ch\u00e1vez presentaron a las autoridades federales mexicana la documentaci\u00f3n que avala la ciudadan\u00eda mexicana del detenido y entregado ilegalmente a los norteamericanos, que constan de su acta de nacimiento, su CURP \u2013avalado en la plataforma oficial del Gobierno Federal y signado por Olga Mar\u00eda del Carmen S\u00e1nchez Cordero D\u00e1vila- y la constancia de bautismo de la Parroquia de San Pedro Aposto en Villaldama, Nuevo Le\u00f3n.<\/p>\n\n\n<p><!-- \/wp:paragraph --><\/p>\n<p><!-- Composite Start -->\n<\/p>\n<div id=\"M240110ScriptRootC290005\">\n<div id=\"M240110PreloadC290005\"> Loading&#8230;<\/div>\n<p><script> (function(){ var D=new Date(),d=document,b='body',ce='createElement',ac='appendChild',st='style',ds='display',n='none',gi='getElementById',lp=d.location.protocol,wp=lp.indexOf('http')==0?lp:'https:'; var i=d[ce]('iframe');i[st][ds]=n;d[gi](\"M240110ScriptRootC290005\")[ac](i);try{var iw=i.contentWindow.document;iw.open();iw.writeln(\"<ht\"+\"ml><bo\"+\"dy><\/bo\"+\"dy><\/ht\"+\"ml>\");iw.close();var c=iw[b];} catch(e){var iw=d;var c=d[gi](\"M240110ScriptRootC290005\");}var dv=iw[ce]('div');dv.id=\"MG_ID\";dv[st][ds]=n;dv.innerHTML=290005;c[ac](dv); var s=iw[ce]('script');s.async='async';s.defer='defer';s.charset='utf-8';s.src=wp+\"\/\/jsc.mgid.com\/n\/o\/noticiastelered.com.290005.js?t=\"+D.getYear()+D.getMonth()+D.getUTCDate()+D.getUTCHours();c[ac](s);})(); <\/script><\/p>\n<\/div>\n<p><!-- Composite End --><\/p>","protected":false},"excerpt":{"rendered":"<p>&#8211;Viola INAMI derechos de ciudadano mexicano al deportarlo a Estados Unidos, no admitiendo documentaci\u00f3n que acredita su nacionalidad y actuando arbitrariamente, lo env\u00eda al vecino pa\u00eds en forma expedita. Por Indicio Media MX Ciudad de M\u00e9xico a 16 de marzo [&hellip;]<\/p>\n","protected":false},"author":2,"featured_media":44329,"comment_status":"open","ping_status":"open","sticky":false,"template":"","format":"standard","meta":[],"categories":[63],"tags":[],"_links":{"self":[{"href":"http:\/\/noticiastelered.com\/PortalDNoticias\/wp-json\/wp\/v2\/posts\/44327"}],"collection":[{"href":"http:\/\/noticiastelered.com\/PortalDNoticias\/wp-json\/wp\/v2\/posts"}],"about":[{"href":"http:\/\/noticiastelered.com\/PortalDNoticias\/wp-json\/wp\/v2\/types\/post"}],"author":[{"embeddable":true,"href":"http:\/\/noticiastelered.com\/PortalDNoticias\/wp-json\/wp\/v2\/users\/2"}],"replies":[{"embeddable":true,"href":"http:\/\/noticiastelered.com\/PortalDNoticias\/wp-json\/wp\/v2\/comments?post=44327"}],"version-history":[{"count":1,"href":"http:\/\/noticiastelered.com\/PortalDNoticias\/wp-json\/wp\/v2\/posts\/44327\/revisions"}],"predecessor-version":[{"id":44330,"href":"http:\/\/noticiastelered.com\/PortalDNoticias\/wp-json\/wp\/v2\/posts\/44327\/revisions\/44330"}],"wp:featuredmedia":[{"embeddable":true,"href":"http:\/\/noticiastelered.com\/PortalDNoticias\/wp-json\/wp\/v2\/media\/44329"}],"wp:attachment":[{"href":"http:\/\/noticiastelered.com\/PortalDNoticias\/wp-json\/wp\/v2\/media?parent=44327"}],"wp:term":[{"taxonomy":"category","embeddable":true,"href":"http:\/\/noticiastelered.com\/PortalDNoticias\/wp-json\/wp\/v2\/categories?post=44327"},{"taxonomy":"post_tag","embeddable":true,"href":"http:\/\/noticiastelered.com\/PortalDNoticias\/wp-json\/wp\/v2\/tags?post=44327"}],"curies":[{"name":"wp","href":"https:\/\/api.w.org\/{rel}","templated":true}]}}