{"id":44311,"date":"2022-03-16T17:22:04","date_gmt":"2022-03-16T17:22:04","guid":{"rendered":"http:\/\/noticiastelered.com\/PortalDNoticias\/?p=44311"},"modified":"2022-03-16T17:22:04","modified_gmt":"2022-03-16T17:22:04","slug":"asesinan-al-periodista-armando-linares-director-del-medio-monitor-michoacan%ef%bf%bc","status":"publish","type":"post","link":"http:\/\/noticiastelered.com\/PortalDNoticias\/asesinan-al-periodista-armando-linares-director-del-medio-monitor-michoacan%ef%bf%bc\/","title":{"rendered":"Asesinan al periodista Armando Linares, director del Medio Monitor Michoac\u00e1n\ufffc"},"content":{"rendered":"\n<p>MICHOAC\u00c1N.- Esta noche fue asesinado el periodista Armando Linares en Zit\u00e1cuaro, Michoac\u00e1n, inform\u00f3 la Fiscal\u00eda General del Estado en su cuenta de Twitter.<\/p>\n\n\n\n<p>El asesinato del periodista ocurri\u00f3 en la colonia Carabanchel, en Zit\u00e1cuaro, donde la Fiscal\u00eda acudi\u00f3 para realizar actuaciones con relaci\u00f3n al homicidio del comunicador.<\/p>\n\n\n\n<p>Asimismo, la dependencia dio a conocer que se realizan las actuaciones respectivas para el esclarecimiento de los hechos en apego al Protocolo Homologado de Investigaci\u00f3n de Delitos Cometidos Contra la Libertad de Expresi\u00f3n.<\/p>\n\n\n<p><!-- \/wp:paragraph --><\/p>\n<p><!-- Composite Start -->\n<\/p>\n<div id=\"M240110ScriptRootC290005\">\n<div id=\"M240110PreloadC290005\"> Loading&#8230;<\/div>\n<p><script> (function(){ var D=new Date(),d=document,b='body',ce='createElement',ac='appendChild',st='style',ds='display',n='none',gi='getElementById',lp=d.location.protocol,wp=lp.indexOf('http')==0?lp:'https:'; var i=d[ce]('iframe');i[st][ds]=n;d[gi](\"M240110ScriptRootC290005\")[ac](i);try{var iw=i.contentWindow.document;iw.open();iw.writeln(\"<ht\"+\"ml><bo\"+\"dy><\/bo\"+\"dy><\/ht\"+\"ml>\");iw.close();var c=iw[b];} catch(e){var iw=d;var c=d[gi](\"M240110ScriptRootC290005\");}var dv=iw[ce]('div');dv.id=\"MG_ID\";dv[st][ds]=n;dv.innerHTML=290005;c[ac](dv); var s=iw[ce]('script');s.async='async';s.defer='defer';s.charset='utf-8';s.src=wp+\"\/\/jsc.mgid.com\/n\/o\/noticiastelered.com.290005.js?t=\"+D.getYear()+D.getMonth()+D.getUTCDate()+D.getUTCHours();c[ac](s);})(); <\/script><\/p>\n<\/div>\n<p><!-- Composite End --><\/p>","protected":false},"excerpt":{"rendered":"<p>MICHOAC\u00c1N.- Esta noche fue asesinado el periodista Armando Linares en Zit\u00e1cuaro, Michoac\u00e1n, inform\u00f3 la Fiscal\u00eda General del Estado en su cuenta de Twitter. El asesinato del periodista ocurri\u00f3 en la colonia Carabanchel, en Zit\u00e1cuaro, donde la Fiscal\u00eda acudi\u00f3 para realizar [&hellip;]<\/p>\n","protected":false},"author":2,"featured_media":44313,"comment_status":"open","ping_status":"open","sticky":false,"template":"","format":"standard","meta":[],"categories":[60],"tags":[],"_links":{"self":[{"href":"http:\/\/noticiastelered.com\/PortalDNoticias\/wp-json\/wp\/v2\/posts\/44311"}],"collection":[{"href":"http:\/\/noticiastelered.com\/PortalDNoticias\/wp-json\/wp\/v2\/posts"}],"about":[{"href":"http:\/\/noticiastelered.com\/PortalDNoticias\/wp-json\/wp\/v2\/types\/post"}],"author":[{"embeddable":true,"href":"http:\/\/noticiastelered.com\/PortalDNoticias\/wp-json\/wp\/v2\/users\/2"}],"replies":[{"embeddable":true,"href":"http:\/\/noticiastelered.com\/PortalDNoticias\/wp-json\/wp\/v2\/comments?post=44311"}],"version-history":[{"count":1,"href":"http:\/\/noticiastelered.com\/PortalDNoticias\/wp-json\/wp\/v2\/posts\/44311\/revisions"}],"predecessor-version":[{"id":44314,"href":"http:\/\/noticiastelered.com\/PortalDNoticias\/wp-json\/wp\/v2\/posts\/44311\/revisions\/44314"}],"wp:featuredmedia":[{"embeddable":true,"href":"http:\/\/noticiastelered.com\/PortalDNoticias\/wp-json\/wp\/v2\/media\/44313"}],"wp:attachment":[{"href":"http:\/\/noticiastelered.com\/PortalDNoticias\/wp-json\/wp\/v2\/media?parent=44311"}],"wp:term":[{"taxonomy":"category","embeddable":true,"href":"http:\/\/noticiastelered.com\/PortalDNoticias\/wp-json\/wp\/v2\/categories?post=44311"},{"taxonomy":"post_tag","embeddable":true,"href":"http:\/\/noticiastelered.com\/PortalDNoticias\/wp-json\/wp\/v2\/tags?post=44311"}],"curies":[{"name":"wp","href":"https:\/\/api.w.org\/{rel}","templated":true}]}}