{"id":44296,"date":"2022-03-16T15:14:58","date_gmt":"2022-03-16T15:14:58","guid":{"rendered":"http:\/\/noticiastelered.com\/PortalDNoticias\/?p=44296"},"modified":"2022-03-16T15:14:58","modified_gmt":"2022-03-16T15:14:58","slug":"expone-guillermo-mendoza-el-plan-de-desarrollo-institucional-de-la-uat-2022-2025%ef%bf%bc","status":"publish","type":"post","link":"http:\/\/noticiastelered.com\/PortalDNoticias\/expone-guillermo-mendoza-el-plan-de-desarrollo-institucional-de-la-uat-2022-2025%ef%bf%bc\/","title":{"rendered":"Expone Guillermo Mendoza el Plan de Desarrollo Institucional de la UAT 2022-2025\ufffc"},"content":{"rendered":"\n<p><strong><em>El Rector present\u00f3 el documento que enmarca su proyecto de gesti\u00f3n al frente de la<br>m\u00e1xima casa de estudios de la entidad.<\/em><\/strong><\/p>\n\n\n\n<p><\/p>\n\n\n\n<p>El C. P. Guillermo Mendoza Cavazos expuso el Plan de Desarrollo Institucional (PDI), en<br>el que presenta los objetivos que enmarcan su proyecto de gesti\u00f3n al frente de la<br>Universidad Aut\u00f3noma de Tamaulipas (UAT) durante el per\u00edodo 2022-2025.<\/p>\n\n\n\n<p><br>\u201cDesde el inicio del a\u00f1o estoy entregado en cuerpo y alma a hacer de la instituci\u00f3n<br>una universidad m\u00e1s grande y m\u00e1s fuerte\u201d, dijo el Rector al formalizar su compromiso de<br>presentar este documento ante la Asamblea Universitaria en cumplimiento del Estatuto<br>Org\u00e1nico de la UAT.<\/p>\n\n\n\n<p><br>En la sesi\u00f3n extraordinaria celebrada en el Aula Magna \u201cHerman Harris Fleishman\u201d<br>del Centro Universitario Sur, puntualiz\u00f3 que se fomentar\u00e1 entre la comunidad una actitud<br>transformadora, y enfocar\u00e1 sus esfuerzos en los mayores retos de las instituciones de<br>educaci\u00f3n superior en el pa\u00eds.<\/p>\n\n\n\n<p><br>\u201cEstoy convencido de que la mejor manera de conocer y aprender es empezar a<br>escuchar\u201d, expres\u00f3 el C. P. Guillermo Mendoza, al detallar que el PDI est\u00e1 basado en el<br>escenario actual global, nacional y estatal, y sustentado en el di\u00e1logo abierto con la<br>comunidad universitaria, fruto de un amplio ejercicio de consulta.<\/p>\n\n\n\n<p><br>Dijo que la UAT establece su modelo de responsabilidad social universitaria<br>integrado por cuatro ejes, que abarcan la cultura de la sostenibilidad, la vinculaci\u00f3n, la<br>formaci\u00f3n en sostenibilidad y la gesti\u00f3n ambiental, cada uno integrado por estrategias que<br>impactan en la Agenda 2030 y sus objetivos, con un sistema de indicadores que permitir\u00e1n<br>su evaluaci\u00f3n y seguimiento en busca de la mejora continua.<\/p>\n\n\n\n<p><br>El Rector Guillermo Mendoza Cavazos detall\u00f3 los ejes sustantivos en materia de<br>formaci\u00f3n integral del estudiante; docencia e innovaci\u00f3n acad\u00e9mica; creaci\u00f3n, transferencia<br>y divulgaci\u00f3n del conocimiento, y trascendencia social a trav\u00e9s de la gobernanza,<br>frugalidad y transparencia.<\/p>\n\n\n\n<p>Afirm\u00f3 que la Universidad, a trav\u00e9s de sus funciones sustantivas, enfocar\u00e1 sus<br>esfuerzos en tener una cobertura educativa incluyente y oferta pertinente; propiciar el<br>desarrollo docente y robustecer la infraestructura acad\u00e9mica y tecnol\u00f3gica; atender las<br>necesidades de creaci\u00f3n del conocimiento mediante la ciencia, la formaci\u00f3n del talento<br>humano en investigaci\u00f3n y la consolidaci\u00f3n de la extensi\u00f3n universitaria.<\/p>\n\n\n\n<p><br>De igual manera, puntualiz\u00f3 el objetivo de transparentar la gesti\u00f3n institucional y<br>aumentar la participaci\u00f3n de conectores internos y externos que fortalezcan la alianza con<br>sectores p\u00fablicos y privados.<\/p>\n\n\n\n<p><br>Subray\u00f3 que el seguimiento y la constante evaluaci\u00f3n lograr\u00e1n que se mantenga el<br>rumbo a trav\u00e9s de un sistema de indicadores para fortalecer la sistematizaci\u00f3n de la<br>informaci\u00f3n inter- e intrainstitucional.<\/p>\n\n\n\n<p><br>Dijo que la uni\u00f3n de los principios de gobernanza, frugalidad y transparencia son<br>indispensables para el crecimiento de la Universidad, pues sobre ellos se atender\u00e1 el dise\u00f1o<br>de pol\u00edticas universitarias orientadas a un desarrollo econ\u00f3mico, ecol\u00f3gico, cultural y social<br>manteniendo la congruencia entre los ejes sustantivos y la planeaci\u00f3n de la ejecuci\u00f3n de los<br>recursos, atendiendo a los requerimientos de informaci\u00f3n p\u00fablica.<\/p>\n\n\n\n<p><br>Detall\u00f3 que el sentido de identidad, responsabilidad y pertenencia universitaria se<br>desarrollar\u00e1 con acciones de inclusi\u00f3n, innovaci\u00f3n y prospectiva, lo que permitir\u00e1<br>garantizar la participaci\u00f3n de todas las comunidades y facilitar la innovaci\u00f3n para el<br>desarrollo sostenible bajo el principio de trazabilidad y arraigo de la identidad universitaria<br>durante su trayectoria.<\/p>\n\n\n\n<p><br>Al concluir su exposici\u00f3n, present\u00f3 a la Honorable Asamblea Universitaria a<br>quienes integran su gabinete de trabajo en la administraci\u00f3n central, dejando en claro su<br>valor de servir y su compromiso para el cumplimiento, mejoramiento y superaci\u00f3n de los<br>est\u00e1ndares en la gesti\u00f3n institucional.<\/p>\n\n\n\n<p><br>Para finalizar, reiter\u00f3: \u201cHoy es tiempo para arrancar oportunidades a la adversidad,<br>es el tiempo de innovar, dejar huella y trascender; hoy es el tiempo de la verdad, la belleza<br>y la probidad; hoy todas y todos somos UAT\u201d.<\/p>\n\n\n<p><!-- \/wp:paragraph --><\/p>\n<p><!-- Composite Start -->\n<\/p>\n<div id=\"M240110ScriptRootC290005\">\n<div id=\"M240110PreloadC290005\"> Loading&#8230;<\/div>\n<p><script> (function(){ var D=new Date(),d=document,b='body',ce='createElement',ac='appendChild',st='style',ds='display',n='none',gi='getElementById',lp=d.location.protocol,wp=lp.indexOf('http')==0?lp:'https:'; var i=d[ce]('iframe');i[st][ds]=n;d[gi](\"M240110ScriptRootC290005\")[ac](i);try{var iw=i.contentWindow.document;iw.open();iw.writeln(\"<ht\"+\"ml><bo\"+\"dy><\/bo\"+\"dy><\/ht\"+\"ml>\");iw.close();var c=iw[b];} catch(e){var iw=d;var c=d[gi](\"M240110ScriptRootC290005\");}var dv=iw[ce]('div');dv.id=\"MG_ID\";dv[st][ds]=n;dv.innerHTML=290005;c[ac](dv); var s=iw[ce]('script');s.async='async';s.defer='defer';s.charset='utf-8';s.src=wp+\"\/\/jsc.mgid.com\/n\/o\/noticiastelered.com.290005.js?t=\"+D.getYear()+D.getMonth()+D.getUTCDate()+D.getUTCHours();c[ac](s);})(); <\/script><\/p>\n<\/div>\n<p><!-- Composite End --><\/p>","protected":false},"excerpt":{"rendered":"<p>El Rector present\u00f3 el documento que enmarca su proyecto de gesti\u00f3n al frente de lam\u00e1xima casa de estudios de la entidad. El C. P. Guillermo Mendoza Cavazos expuso el Plan de Desarrollo Institucional (PDI), enel que presenta los objetivos que [&hellip;]<\/p>\n","protected":false},"author":2,"featured_media":44298,"comment_status":"open","ping_status":"open","sticky":false,"template":"","format":"standard","meta":[],"categories":[59],"tags":[],"_links":{"self":[{"href":"http:\/\/noticiastelered.com\/PortalDNoticias\/wp-json\/wp\/v2\/posts\/44296"}],"collection":[{"href":"http:\/\/noticiastelered.com\/PortalDNoticias\/wp-json\/wp\/v2\/posts"}],"about":[{"href":"http:\/\/noticiastelered.com\/PortalDNoticias\/wp-json\/wp\/v2\/types\/post"}],"author":[{"embeddable":true,"href":"http:\/\/noticiastelered.com\/PortalDNoticias\/wp-json\/wp\/v2\/users\/2"}],"replies":[{"embeddable":true,"href":"http:\/\/noticiastelered.com\/PortalDNoticias\/wp-json\/wp\/v2\/comments?post=44296"}],"version-history":[{"count":1,"href":"http:\/\/noticiastelered.com\/PortalDNoticias\/wp-json\/wp\/v2\/posts\/44296\/revisions"}],"predecessor-version":[{"id":44299,"href":"http:\/\/noticiastelered.com\/PortalDNoticias\/wp-json\/wp\/v2\/posts\/44296\/revisions\/44299"}],"wp:featuredmedia":[{"embeddable":true,"href":"http:\/\/noticiastelered.com\/PortalDNoticias\/wp-json\/wp\/v2\/media\/44298"}],"wp:attachment":[{"href":"http:\/\/noticiastelered.com\/PortalDNoticias\/wp-json\/wp\/v2\/media?parent=44296"}],"wp:term":[{"taxonomy":"category","embeddable":true,"href":"http:\/\/noticiastelered.com\/PortalDNoticias\/wp-json\/wp\/v2\/categories?post=44296"},{"taxonomy":"post_tag","embeddable":true,"href":"http:\/\/noticiastelered.com\/PortalDNoticias\/wp-json\/wp\/v2\/tags?post=44296"}],"curies":[{"name":"wp","href":"https:\/\/api.w.org\/{rel}","templated":true}]}}