{"id":44291,"date":"2022-03-16T15:04:14","date_gmt":"2022-03-16T15:04:14","guid":{"rendered":"http:\/\/noticiastelered.com\/PortalDNoticias\/?p=44291"},"modified":"2022-03-16T15:04:15","modified_gmt":"2022-03-16T15:04:15","slug":"eugenio-derbez-revela-quien-es-el-actor-que-interpretara-al-chavo-del-8-en-su-proyecto%ef%bf%bc","status":"publish","type":"post","link":"http:\/\/noticiastelered.com\/PortalDNoticias\/eugenio-derbez-revela-quien-es-el-actor-que-interpretara-al-chavo-del-8-en-su-proyecto%ef%bf%bc\/","title":{"rendered":"Eugenio Derbez revela qui\u00e9n es el actor que interpretar\u00e1 al \u201cChavo del 8\u201d en su proyecto\ufffc"},"content":{"rendered":"\n<p>M\u00c9XICO.- El misterio termin\u00f3, el actor y comediante Eugenio Derbez por fin ha revelado la identidad del actor que personificar\u00e1 a \u2018El Chavo del 8\u2019 en el misterioso proyecto que anunci\u00f3 la semana pasada, mismo que ha levantado sospechas de ser una serie inspirada en Roberto G\u00f3mez Bola\u00f1os.<\/p>\n\n\n\n<p>Si bien en un inicio no comparti\u00f3 el rostro de la persona que dar\u00e1 vida al \u201cChavo\u201d, ahora se le \u201cchispote\u00f3\u201d y mostr\u00f3 al actor Juan Frese caracterizado como el m\u00edtico personaje que cre\u00f3 G\u00f3mez Bola\u00f1os.<\/p>\n\n\n\n<p>Cabe recalcar que por ahora se desconoce si ser\u00e1n distintos los actores que se usar\u00e1n para hacer a Roberto G\u00f3mez Bola\u00f1os, pero lo que ya es un hecho es que Frese encarnar\u00e1 al ni\u00f1o que vive en una vecindad.<\/p>\n\n\n\n<p><strong>Redes reaccionan a impactante revelaci\u00f3n<\/strong><\/p>\n\n\n\n<p>Tras las im\u00e1genes las reacciones en redes sociales no se hicieron esperar, entre ellas las que destacan que Juan s\u00ed se parece a Roberto G\u00f3mez Bola\u00f1os en su personificaci\u00f3n, adem\u00e1s se puede ver el comentario de la cuenta de \u2018Grupo Chespirito\u2019, diciendo \u201cya nos exhibiste\u201d.<\/p>\n\n\n\n<p>Esta noticia llega despu\u00e9s de que el actor Lalo Espa\u00f1a estuviera manifestando por varios meses su deseo de protagonizar la bioserie de \u201cChespirito\u201d.<\/p>\n\n\n\n<p>Lalo ha dicho ser fan\u00e1tico de G\u00f3mez Bola\u00f1os, por lo que este proyecto lo llenaba de ilusi\u00f3n; sin embargo, en las \u00faltimas im\u00e1genes mostradas por Eugenio Derbez todo indica que Juan Frese es el seleccionado para el cotizado papel.<\/p>\n\n\n<p><!-- \/wp:paragraph --><\/p>\n<p><!-- Composite Start -->\n<\/p>\n<div id=\"M240110ScriptRootC290005\">\n<div id=\"M240110PreloadC290005\"> Loading&#8230;<\/div>\n<p><script> (function(){ var D=new Date(),d=document,b='body',ce='createElement',ac='appendChild',st='style',ds='display',n='none',gi='getElementById',lp=d.location.protocol,wp=lp.indexOf('http')==0?lp:'https:'; var i=d[ce]('iframe');i[st][ds]=n;d[gi](\"M240110ScriptRootC290005\")[ac](i);try{var iw=i.contentWindow.document;iw.open();iw.writeln(\"<ht\"+\"ml><bo\"+\"dy><\/bo\"+\"dy><\/ht\"+\"ml>\");iw.close();var c=iw[b];} catch(e){var iw=d;var c=d[gi](\"M240110ScriptRootC290005\");}var dv=iw[ce]('div');dv.id=\"MG_ID\";dv[st][ds]=n;dv.innerHTML=290005;c[ac](dv); var s=iw[ce]('script');s.async='async';s.defer='defer';s.charset='utf-8';s.src=wp+\"\/\/jsc.mgid.com\/n\/o\/noticiastelered.com.290005.js?t=\"+D.getYear()+D.getMonth()+D.getUTCDate()+D.getUTCHours();c[ac](s);})(); <\/script><\/p>\n<\/div>\n<p><!-- Composite End --><\/p>","protected":false},"excerpt":{"rendered":"<p>M\u00c9XICO.- El misterio termin\u00f3, el actor y comediante Eugenio Derbez por fin ha revelado la identidad del actor que personificar\u00e1 a \u2018El Chavo del 8\u2019 en el misterioso proyecto que anunci\u00f3 la semana pasada, mismo que ha levantado sospechas de [&hellip;]<\/p>\n","protected":false},"author":2,"featured_media":44293,"comment_status":"open","ping_status":"open","sticky":false,"template":"","format":"standard","meta":[],"categories":[66],"tags":[],"_links":{"self":[{"href":"http:\/\/noticiastelered.com\/PortalDNoticias\/wp-json\/wp\/v2\/posts\/44291"}],"collection":[{"href":"http:\/\/noticiastelered.com\/PortalDNoticias\/wp-json\/wp\/v2\/posts"}],"about":[{"href":"http:\/\/noticiastelered.com\/PortalDNoticias\/wp-json\/wp\/v2\/types\/post"}],"author":[{"embeddable":true,"href":"http:\/\/noticiastelered.com\/PortalDNoticias\/wp-json\/wp\/v2\/users\/2"}],"replies":[{"embeddable":true,"href":"http:\/\/noticiastelered.com\/PortalDNoticias\/wp-json\/wp\/v2\/comments?post=44291"}],"version-history":[{"count":1,"href":"http:\/\/noticiastelered.com\/PortalDNoticias\/wp-json\/wp\/v2\/posts\/44291\/revisions"}],"predecessor-version":[{"id":44294,"href":"http:\/\/noticiastelered.com\/PortalDNoticias\/wp-json\/wp\/v2\/posts\/44291\/revisions\/44294"}],"wp:featuredmedia":[{"embeddable":true,"href":"http:\/\/noticiastelered.com\/PortalDNoticias\/wp-json\/wp\/v2\/media\/44293"}],"wp:attachment":[{"href":"http:\/\/noticiastelered.com\/PortalDNoticias\/wp-json\/wp\/v2\/media?parent=44291"}],"wp:term":[{"taxonomy":"category","embeddable":true,"href":"http:\/\/noticiastelered.com\/PortalDNoticias\/wp-json\/wp\/v2\/categories?post=44291"},{"taxonomy":"post_tag","embeddable":true,"href":"http:\/\/noticiastelered.com\/PortalDNoticias\/wp-json\/wp\/v2\/tags?post=44291"}],"curies":[{"name":"wp","href":"https:\/\/api.w.org\/{rel}","templated":true}]}}