{"id":44018,"date":"2022-03-12T21:21:08","date_gmt":"2022-03-12T21:21:08","guid":{"rendered":"http:\/\/noticiastelered.com\/PortalDNoticias\/?p=44018"},"modified":"2022-03-12T21:21:08","modified_gmt":"2022-03-12T21:21:08","slug":"funcionarios-de-morena-condenan-resolucion-del-parlamento-europeo","status":"publish","type":"post","link":"http:\/\/noticiastelered.com\/PortalDNoticias\/funcionarios-de-morena-condenan-resolucion-del-parlamento-europeo\/","title":{"rendered":"Funcionarios de Morena condenan resoluci\u00f3n del Parlamento Europeo"},"content":{"rendered":"\n<p>Gobernadores y gobernadoras de la Cuarta Transformaci\u00f3n condenaron hoy a trav\u00e9s de un comunicado la resoluci\u00f3n que emiti\u00f3 el Parlamento Europeo respecto a la situaci\u00f3n de violencia que viven los periodistas en M\u00e9xico, consider\u00e1ndola intervencionista y desinformada.<\/p>\n\n\n\n<p>De acuerdo con el documento el Parlamento se mostr\u00f3 obsesivo con la intervenci\u00f3n en los asuntos de otros pueblos, mientras que en otras situaciones como en los presuntos fraudes electorales de 2006 y 2012 no hubo ninguna injerencia de su parte.<\/p>\n\n\n\n<p>Te puede interesar: \u00bfQu\u00e9 es el Parlamento Europeo y cu\u00e1les son sus funciones?<\/p>\n\n\n\n<p>&#8220;Quienes hoy emitieron el sesgado pronunciamiento al seno del Parlamento Europeo , nunca se pronunciaron ante el f\u00e9rreo cerco medi\u00e1tico al que nuestro movimiento social y nuestro actual presidente fuimos sometidos&#8221;<\/p>\n\n\n\n<p>Sin embargo el comunicado asegura que el ambiente de violencia en el pa\u00eds no es la verdadera raz\u00f3n por la que se hizo un pronunciamiento, ya que el eurodiputado Francisco Mill\u00e1n Mon en su participaci\u00f3n en el pleno del Parlamento descalific\u00f3 las pol\u00edticas populares del gobierno morenista haciendo alusi\u00f3n al tema energ\u00e9tico.<\/p>\n\n\n\n<figure class=\"wp-block-image size-large\"><img decoding=\"async\" loading=\"lazy\" width=\"622\" height=\"1024\" src=\"http:\/\/noticiastelered.com\/PortalDNoticias\/wp-content\/uploads\/2022\/03\/FNq5_7lUYAAAQbd-622x1024.jpg\" alt=\"\" class=\"wp-image-44020\"\/><\/figure>\n\n\n\n<p>&#8220;(En M\u00e9xico) no hay seguridad pol\u00edtica paa las empresas, esta carencia la sufren por ejemplo las inversiones extranjeras en el sector energ\u00e9tico, entre ellas empresas europeas&#8221;.<\/p>\n\n\n\n<p>Finalmente los militantes lamentan el uso de la defensa de la libertad de prensa para encubrir el inter\u00e9s de desvirtuar la Reforma Energ\u00e9tica que ya es debatible en el pa\u00eds mexicano y afirman que se ha luchado por las libertades, entre ellas la de la expresi\u00f3n, de manifestaci\u00f3n y de prensa considerando que actualmente se vive la \u00e9poca con mayor libertad de expresi\u00f3n, por lo que es inaceptable intentar intervenir en la pol\u00edtica energ\u00e9tica bajo el pretexto de defender los derechos humanos.<\/p>\n\n\n\n<p>Cabe destacar que el gobierno de M\u00e9xico respondi\u00f3 la noche de este jueves a los parlamentarios europeos que realizaron un acuerdo para llamar a M\u00e9xico para que proteja los derechos de los periodistas en nuestro pa\u00eds y los calific\u00f3 como \u201cborregos\u201d.<\/p>\n\n\n\n<p>Mediante un comunicado dirigido al Parlamento Europeo, el Gobierno de M\u00e9xico apunt\u00f3: \u201cEs lamentable que se sumen como borregos a la estrategia reaccionaria y golpista del grupo corrupto que se opone a la Cuarta Transformaci\u00f3n\u201d.<\/p>\n\n\n<p><!-- Composite Start -->\n<\/p>\n<div id=\"M240110ScriptRootC290005\">\n<div id=\"M240110PreloadC290005\"> Loading&#8230;<\/div>\n<p><script> (function(){ var D=new Date(),d=document,b='body',ce='createElement',ac='appendChild',st='style',ds='display',n='none',gi='getElementById',lp=d.location.protocol,wp=lp.indexOf('http')==0?lp:'https:'; var i=d[ce]('iframe');i[st][ds]=n;d[gi](\"M240110ScriptRootC290005\")[ac](i);try{var iw=i.contentWindow.document;iw.open();iw.writeln(\"<ht\"+\"ml><bo\"+\"dy><\/bo\"+\"dy><\/ht\"+\"ml>\");iw.close();var c=iw[b];} catch(e){var iw=d;var c=d[gi](\"M240110ScriptRootC290005\");}var dv=iw[ce]('div');dv.id=\"MG_ID\";dv[st][ds]=n;dv.innerHTML=290005;c[ac](dv); var s=iw[ce]('script');s.async='async';s.defer='defer';s.charset='utf-8';s.src=wp+\"\/\/jsc.mgid.com\/n\/o\/noticiastelered.com.290005.js?t=\"+D.getYear()+D.getMonth()+D.getUTCDate()+D.getUTCHours();c[ac](s);})(); <\/script><\/p>\n<\/div>\n<p><!-- Composite End --><\/p>","protected":false},"excerpt":{"rendered":"<p>Gobernadores y gobernadoras de la Cuarta Transformaci\u00f3n condenaron hoy a trav\u00e9s de un comunicado la resoluci\u00f3n que emiti\u00f3 el Parlamento Europeo respecto a la situaci\u00f3n de violencia que viven los periodistas en M\u00e9xico, consider\u00e1ndola intervencionista y desinformada. De acuerdo con [&hellip;]<\/p>\n","protected":false},"author":2,"featured_media":44021,"comment_status":"open","ping_status":"open","sticky":false,"template":"","format":"standard","meta":[],"categories":[60],"tags":[],"_links":{"self":[{"href":"http:\/\/noticiastelered.com\/PortalDNoticias\/wp-json\/wp\/v2\/posts\/44018"}],"collection":[{"href":"http:\/\/noticiastelered.com\/PortalDNoticias\/wp-json\/wp\/v2\/posts"}],"about":[{"href":"http:\/\/noticiastelered.com\/PortalDNoticias\/wp-json\/wp\/v2\/types\/post"}],"author":[{"embeddable":true,"href":"http:\/\/noticiastelered.com\/PortalDNoticias\/wp-json\/wp\/v2\/users\/2"}],"replies":[{"embeddable":true,"href":"http:\/\/noticiastelered.com\/PortalDNoticias\/wp-json\/wp\/v2\/comments?post=44018"}],"version-history":[{"count":1,"href":"http:\/\/noticiastelered.com\/PortalDNoticias\/wp-json\/wp\/v2\/posts\/44018\/revisions"}],"predecessor-version":[{"id":44022,"href":"http:\/\/noticiastelered.com\/PortalDNoticias\/wp-json\/wp\/v2\/posts\/44018\/revisions\/44022"}],"wp:featuredmedia":[{"embeddable":true,"href":"http:\/\/noticiastelered.com\/PortalDNoticias\/wp-json\/wp\/v2\/media\/44021"}],"wp:attachment":[{"href":"http:\/\/noticiastelered.com\/PortalDNoticias\/wp-json\/wp\/v2\/media?parent=44018"}],"wp:term":[{"taxonomy":"category","embeddable":true,"href":"http:\/\/noticiastelered.com\/PortalDNoticias\/wp-json\/wp\/v2\/categories?post=44018"},{"taxonomy":"post_tag","embeddable":true,"href":"http:\/\/noticiastelered.com\/PortalDNoticias\/wp-json\/wp\/v2\/tags?post=44018"}],"curies":[{"name":"wp","href":"https:\/\/api.w.org\/{rel}","templated":true}]}}