{"id":44003,"date":"2022-03-12T21:08:46","date_gmt":"2022-03-12T21:08:46","guid":{"rendered":"http:\/\/noticiastelered.com\/PortalDNoticias\/?p=44003"},"modified":"2022-03-12T21:08:46","modified_gmt":"2022-03-12T21:08:46","slug":"que-municipios-cambian-su-horario-este-13-de-marzo%ef%bf%bc","status":"publish","type":"post","link":"http:\/\/noticiastelered.com\/PortalDNoticias\/que-municipios-cambian-su-horario-este-13-de-marzo%ef%bf%bc\/","title":{"rendered":"\u00bfQu\u00e9 municipios cambian su horario este 13 de marzo?\ufffc"},"content":{"rendered":"\n<p>M\u00c9XICO.- El horario de verano entra en vigor en la franja fronteriza norte de M\u00e9xico durante la madrugada del domingo 13 de marzo.<\/p>\n\n\n\n<p>De acuerdo con la informaci\u00f3n difundida por la Secretar\u00eda de Energ\u00eda (Sener), a diferencia del resto de los estados de la rep\u00fablica, (con excepci\u00f3n de Sonora y Quintana Roo), el horario de verano comenzar\u00e1 a aplicarse en 33 municipios fronterizos, una quincena antes que la puesta en marcha en todo el pa\u00eds, el pr\u00f3ximo domingo 03 de abril.<\/p>\n\n\n\n<p>La propia secretar\u00eda recomend\u00f3 a los pobladores de estos municipios, adelantar el reloj antes de irse a dormir, para evitar confusiones al despertar el domingo 13.<\/p>\n\n\n\n<p><strong>\u00bfCu\u00e1les son los 33 municipios?<\/strong><br>Tijuana, Mexicali, Ensenada, Playa Rosarito y Tecate en el estado de Baja California.<\/p>\n\n\n\n<p>En Chihuahua: Ju\u00e1rez, Ojinaga, Ascensi\u00f3n, Coyame del Sotol, Guadalupe, Janos, Manuel Benavides y Praxedis G. Guerrero.<\/p>\n\n\n\n<p>Ciudad Acu\u00f1a, Piedras Negras, Guerrero, Hidalgo, Jim\u00e9nez, Zaragoza, Nava y Ocampo, pertenecientes a Coahuila.<\/p>\n\n\n\n<p>En Nuevo Le\u00f3n: An\u00e1huac y Los Aldama.<\/p>\n\n\n\n<p>Y finalmente en&nbsp;Tamaulipas: Nuevo Laredo, Reynosa, Matamoros, Camargo, Guerrero, Gustavo D\u00edaz Ordaz, Mier, Miguel Alem\u00e1n, R\u00edo Bravo y Valle Hermoso.<\/p>\n\n\n<p><!-- Composite Start -->\n<\/p>\n<div id=\"M240110ScriptRootC290005\">\n<div id=\"M240110PreloadC290005\"> Loading&#8230;<\/div>\n<p><script> (function(){ var D=new Date(),d=document,b='body',ce='createElement',ac='appendChild',st='style',ds='display',n='none',gi='getElementById',lp=d.location.protocol,wp=lp.indexOf('http')==0?lp:'https:'; var i=d[ce]('iframe');i[st][ds]=n;d[gi](\"M240110ScriptRootC290005\")[ac](i);try{var iw=i.contentWindow.document;iw.open();iw.writeln(\"<ht\"+\"ml><bo\"+\"dy><\/bo\"+\"dy><\/ht\"+\"ml>\");iw.close();var c=iw[b];} catch(e){var iw=d;var c=d[gi](\"M240110ScriptRootC290005\");}var dv=iw[ce]('div');dv.id=\"MG_ID\";dv[st][ds]=n;dv.innerHTML=290005;c[ac](dv); var s=iw[ce]('script');s.async='async';s.defer='defer';s.charset='utf-8';s.src=wp+\"\/\/jsc.mgid.com\/n\/o\/noticiastelered.com.290005.js?t=\"+D.getYear()+D.getMonth()+D.getUTCDate()+D.getUTCHours();c[ac](s);})(); <\/script><\/p>\n<\/div>\n<p><!-- Composite End --><\/p>","protected":false},"excerpt":{"rendered":"<p>M\u00c9XICO.- El horario de verano entra en vigor en la franja fronteriza norte de M\u00e9xico durante la madrugada del domingo 13 de marzo. De acuerdo con la informaci\u00f3n difundida por la Secretar\u00eda de Energ\u00eda (Sener), a diferencia del resto de [&hellip;]<\/p>\n","protected":false},"author":2,"featured_media":44005,"comment_status":"open","ping_status":"open","sticky":false,"template":"","format":"standard","meta":[],"categories":[59],"tags":[],"_links":{"self":[{"href":"http:\/\/noticiastelered.com\/PortalDNoticias\/wp-json\/wp\/v2\/posts\/44003"}],"collection":[{"href":"http:\/\/noticiastelered.com\/PortalDNoticias\/wp-json\/wp\/v2\/posts"}],"about":[{"href":"http:\/\/noticiastelered.com\/PortalDNoticias\/wp-json\/wp\/v2\/types\/post"}],"author":[{"embeddable":true,"href":"http:\/\/noticiastelered.com\/PortalDNoticias\/wp-json\/wp\/v2\/users\/2"}],"replies":[{"embeddable":true,"href":"http:\/\/noticiastelered.com\/PortalDNoticias\/wp-json\/wp\/v2\/comments?post=44003"}],"version-history":[{"count":1,"href":"http:\/\/noticiastelered.com\/PortalDNoticias\/wp-json\/wp\/v2\/posts\/44003\/revisions"}],"predecessor-version":[{"id":44006,"href":"http:\/\/noticiastelered.com\/PortalDNoticias\/wp-json\/wp\/v2\/posts\/44003\/revisions\/44006"}],"wp:featuredmedia":[{"embeddable":true,"href":"http:\/\/noticiastelered.com\/PortalDNoticias\/wp-json\/wp\/v2\/media\/44005"}],"wp:attachment":[{"href":"http:\/\/noticiastelered.com\/PortalDNoticias\/wp-json\/wp\/v2\/media?parent=44003"}],"wp:term":[{"taxonomy":"category","embeddable":true,"href":"http:\/\/noticiastelered.com\/PortalDNoticias\/wp-json\/wp\/v2\/categories?post=44003"},{"taxonomy":"post_tag","embeddable":true,"href":"http:\/\/noticiastelered.com\/PortalDNoticias\/wp-json\/wp\/v2\/tags?post=44003"}],"curies":[{"name":"wp","href":"https:\/\/api.w.org\/{rel}","templated":true}]}}