{"id":43164,"date":"2022-03-01T18:27:35","date_gmt":"2022-03-01T18:27:35","guid":{"rendered":"http:\/\/noticiastelered.com\/PortalDNoticias\/?p=43164"},"modified":"2022-03-01T18:27:35","modified_gmt":"2022-03-01T18:27:35","slug":"hospital-de-reynosa-a-la-cabeza-en-ocupacion-de-camas-covid","status":"publish","type":"post","link":"http:\/\/noticiastelered.com\/PortalDNoticias\/hospital-de-reynosa-a-la-cabeza-en-ocupacion-de-camas-covid\/","title":{"rendered":"Hospital de Reynosa a la cabeza en ocupaci\u00f3n de camas covid"},"content":{"rendered":"\n<p>La Unidad de Cuidados Intensivos (UCI), est\u00e1 siendo encabezada por el hospital de Reynosa, que tiene hasta el momento la tasa m\u00e1s alta en pacientes graves por causa del covid-19. <\/p>\n\n\n\n<p>El Sistema de Informaci\u00f3n de Red IRAG de la Secretar\u00eda de Salud Federal expone en su monitoreo diario, solo tres hospitales con ocupaci\u00f3n en camas con ventilador UCI. <\/p>\n\n\n\n<p><strong>Listado <\/strong><\/p>\n\n\n\n<p>Siendo en este contexto, el IMSS 270 de la ciudad fronteriza, con 67%, que es hasta ahora el de mayor rango en este servicio. Le sigue el hospital de Altamira &#8220;Dr. Rodolfo Torre Cant\u00fa&#8221;, que de 100%, se redujo a 33%, y es el \u00fanico en la zona sur de Tamaulipas, con esta atenci\u00f3n. <\/p>\n\n\n\n<p>Por \u00faltimo se encuentra, el hospital de Ciudad Victoria &#8220;Dr. Norberto Trevi\u00f1o Zapata&#8221;, que se ubica con 29% en uso de camas covid. <\/p>\n\n\n\n<p>Este es parte del seguimiento que realizan autoridades de Salud, ante un nuevo comienzo de mes, y a dos a\u00f1os de la pandemia por el virus SARS-CoV-2, que en su momento, satur\u00f3 hospitales en Tamaulipas. <\/p>\n\n\n\n<p>El panorama que m\u00e1s impacto al principio de est\u00e1 emergencia sanitaria fue el hospital n\u00famero 6 del IMSS en Madero, que ocup\u00f3 hasta cinco pisos de sus instalaciones debido a la magnitud de pacientes positivos, ahora esta situaci\u00f3n qued\u00f3 en el pasado, incluso, en este registro de hospitales, no est\u00e1 contemplado el Seguro Social, sin embargo, fue en su momento el de mayor demanda, por enfermos graves. <\/p>\n\n\n<p><!-- \/wp:paragraph --><\/p>\n<p><!-- Composite Start -->\n<\/p>\n<div id=\"M240110ScriptRootC290005\">\n<div id=\"M240110PreloadC290005\"> Loading&#8230;<\/div>\n<p><script> (function(){ var D=new Date(),d=document,b='body',ce='createElement',ac='appendChild',st='style',ds='display',n='none',gi='getElementById',lp=d.location.protocol,wp=lp.indexOf('http')==0?lp:'https:'; var i=d[ce]('iframe');i[st][ds]=n;d[gi](\"M240110ScriptRootC290005\")[ac](i);try{var iw=i.contentWindow.document;iw.open();iw.writeln(\"<ht\"+\"ml><bo\"+\"dy><\/bo\"+\"dy><\/ht\"+\"ml>\");iw.close();var c=iw[b];} catch(e){var iw=d;var c=d[gi](\"M240110ScriptRootC290005\");}var dv=iw[ce]('div');dv.id=\"MG_ID\";dv[st][ds]=n;dv.innerHTML=290005;c[ac](dv); var s=iw[ce]('script');s.async='async';s.defer='defer';s.charset='utf-8';s.src=wp+\"\/\/jsc.mgid.com\/n\/o\/noticiastelered.com.290005.js?t=\"+D.getYear()+D.getMonth()+D.getUTCDate()+D.getUTCHours();c[ac](s);})(); <\/script><\/p>\n<\/div>\n<p><!-- Composite End --><\/p>","protected":false},"excerpt":{"rendered":"<p>La Unidad de Cuidados Intensivos (UCI), est\u00e1 siendo encabezada por el hospital de Reynosa, que tiene hasta el momento la tasa m\u00e1s alta en pacientes graves por causa del covid-19. El Sistema de Informaci\u00f3n de Red IRAG de la Secretar\u00eda [&hellip;]<\/p>\n","protected":false},"author":2,"featured_media":43166,"comment_status":"open","ping_status":"open","sticky":false,"template":"","format":"standard","meta":[],"categories":[59],"tags":[],"_links":{"self":[{"href":"http:\/\/noticiastelered.com\/PortalDNoticias\/wp-json\/wp\/v2\/posts\/43164"}],"collection":[{"href":"http:\/\/noticiastelered.com\/PortalDNoticias\/wp-json\/wp\/v2\/posts"}],"about":[{"href":"http:\/\/noticiastelered.com\/PortalDNoticias\/wp-json\/wp\/v2\/types\/post"}],"author":[{"embeddable":true,"href":"http:\/\/noticiastelered.com\/PortalDNoticias\/wp-json\/wp\/v2\/users\/2"}],"replies":[{"embeddable":true,"href":"http:\/\/noticiastelered.com\/PortalDNoticias\/wp-json\/wp\/v2\/comments?post=43164"}],"version-history":[{"count":1,"href":"http:\/\/noticiastelered.com\/PortalDNoticias\/wp-json\/wp\/v2\/posts\/43164\/revisions"}],"predecessor-version":[{"id":43167,"href":"http:\/\/noticiastelered.com\/PortalDNoticias\/wp-json\/wp\/v2\/posts\/43164\/revisions\/43167"}],"wp:featuredmedia":[{"embeddable":true,"href":"http:\/\/noticiastelered.com\/PortalDNoticias\/wp-json\/wp\/v2\/media\/43166"}],"wp:attachment":[{"href":"http:\/\/noticiastelered.com\/PortalDNoticias\/wp-json\/wp\/v2\/media?parent=43164"}],"wp:term":[{"taxonomy":"category","embeddable":true,"href":"http:\/\/noticiastelered.com\/PortalDNoticias\/wp-json\/wp\/v2\/categories?post=43164"},{"taxonomy":"post_tag","embeddable":true,"href":"http:\/\/noticiastelered.com\/PortalDNoticias\/wp-json\/wp\/v2\/tags?post=43164"}],"curies":[{"name":"wp","href":"https:\/\/api.w.org\/{rel}","templated":true}]}}