{"id":43021,"date":"2022-02-28T16:09:34","date_gmt":"2022-02-28T16:09:34","guid":{"rendered":"http:\/\/noticiastelered.com\/PortalDNoticias\/?p=43021"},"modified":"2022-02-28T16:09:35","modified_gmt":"2022-02-28T16:09:35","slug":"rinde-la-uat-homenaje-postumo-a-enrique-etienne-perez-del-rio","status":"publish","type":"post","link":"http:\/\/noticiastelered.com\/PortalDNoticias\/rinde-la-uat-homenaje-postumo-a-enrique-etienne-perez-del-rio\/","title":{"rendered":"Rinde la UAT homenaje p\u00f3stumo a Enrique Etienne P\u00e9rez del R\u00edo"},"content":{"rendered":"\n<p>Preside el Rector Guillermo Mendoza emotivo evento para recordar la obra y el<br>legado que dej\u00f3 Enrique Etienne a los universitarios.<\/p>\n\n\n\n<p>En un emotivo acto celebrado en la Facultad de Comercio y Administraci\u00f3n Victoria<br>(FCAV), la Universidad Aut\u00f3noma de Tamaulipas (UAT) rindi\u00f3 un homenaje p\u00f3stumo a la<br>vida y obra del C. P. Enrique Carlos Etienne P\u00e9rez del R\u00edo.<\/p>\n\n\n\n<p>Mediante la ceremonia realizada en la explanada de la instituci\u00f3n acad\u00e9mica,<br>autoridades universitarias, comunidad docente, estudiantil, amigos y familiares<br>reconocieron y recordaron los logros de quien fue Rector de la m\u00e1xima casa de estudios del<br>estado durante el per\u00edodo 2014-2017.<\/p>\n\n\n\n<p>El C. P. Guillermo Mendoza Cavazos, Rector de la UAT, emiti\u00f3 un mensaje de<br>agradecimiento a nombre de la comunidad universitaria, por la oportunidad de honrar su<br>nombre y su obra mediante este acto solemne.<\/p>\n\n\n\n<p>En su mensaje, el Rector agradeci\u00f3 la presencia de la Sra. Felisa Orta Moreli\u00f3n,<br>viuda del C. P. Enrique Etienne, de sus hijos, nietos y dem\u00e1s familiares asistentes a este<br>homenaje, en el que resalt\u00f3 la trayectoria y la calidad como persona del exrector, de quien<br>dijo sentir un gran orgullo, admiraci\u00f3n y cari\u00f1o.<\/p>\n\n\n\n<p>\u201cFue un gran honor servir bajo su liderazgo como Rector; vivi\u00f3 con gran vocaci\u00f3n<br>de servicio y me ense\u00f1\u00f3 a vivir con los principios de lealtad y gratitud. Siempre estar\u00e9<br>agradecido por sus sabios consejos; fue un hombre sencillo y de grandes ideas\u201d, expres\u00f3.<\/p>\n\n\n\n<p><br>A nombre de la familia, ante el micr\u00f3fono participaron la Sra. Felisa Orta Moreli\u00f3n;<br>su hijo mayor, Enrique Alberto Etienne Orta; y su nieto mayor, Luis Eduardo Jim\u00e9nez<br>Etienne, quienes, en sus respectivos mensajes, agradecieron a la Universidad la realizaci\u00f3n<br>de este gran evento.<\/p>\n\n\n\n<p><br>\u201cMi marido tuvo como segundo amor a la Universidad; \u00e9l la amaba mucho. Les<br>doy las gracias porque no lo olviden y que quede aqu\u00ed su nombre; a los alumnos, porque<br>sigan su ejemplo y luchen por ser mejores\u201d, manifest\u00f3 la Sra. Felisa Orta viuda de Etienne.<br>En otras intervenciones, como parte de este significativo acto, a nombre del Colegio<br>de Contadores P\u00fablicos de Ciudad Victoria, la Mtra. Velia V\u00e1zquez S\u00e1enz y el Dr.<\/p>\n\n\n\n<p>Humberto de la Garza Almaz\u00e1n distinguieron su loable y reconocida labor en vinculaci\u00f3n<br>con esta agrupaci\u00f3n, la cual presidi\u00f3 y de la cual fue socio fundador.<\/p>\n\n\n\n<p><br>Durante la ceremonia, el Mtro. Miguel V\u00edctor Salman \u00c1lvarez hizo lectura de la<br>semblanza del C. P. Enrique Etienne, destacando su paso por la Universidad al ser fundador<br>en 1967 de la Facultad de Comercio y Administraci\u00f3n Victoria, pionero e impulsor de los<br>estudios de posgrado en la Universidad, al crear la Maestr\u00eda en Administraci\u00f3n en esta<br>Facultad, fue Secretario de Finanzas de la UAT y, tras el reglamentario proceso de<br>elecci\u00f3n, fungi\u00f3 como Rector posicion\u00e1ndola en diversos rankings universitarios de<br>importancia nacional e internacional.<\/p>\n\n\n\n<p><br>A lo largo de la ceremonia se llev\u00f3 a cabo un di\u00e1logo entre amigos del C. P.<br>Etienne, quienes aprovecharon la oportunidad para emitir un mensaje y recordar an\u00e9cdotas<br>vividas a lo largo de su trayectoria.<\/p>\n\n\n\n<p>El evento se desarroll\u00f3 en un marco art\u00edstico, con la participaci\u00f3n de la Orquesta<br>Sinf\u00f3nica de la UAT y la rondalla de la Subdirecci\u00f3n de Cultura y Arte Zona Sur mediante<br>transmisi\u00f3n desde el Campus Sur de la Universidad; as\u00ed como de la violinista Mirna Alicia<br>Reyes S\u00e1nchez desde Pa\u00edses Bajos, quienes interpretaron las piezas musicales favoritas del<br>exrector.<\/p>\n\n\n\n<p>Al concluir la ceremonia, el Rector Mendoza Cavazos, familiares del C. P. Etienne<br>y comitiva universitaria se trasladaron a la explanada frente al edificio Centro de Gesti\u00f3n<br>del Conocimiento, donde se present\u00f3 el proyecto Memorial Universitario.<\/p>\n\n\n\n<p>En este sitio, el C. P. Guillermo Mendoza devel\u00f3 la muestra alusiva a dicho<br>proyecto, que quedar\u00e1 inscrito al pie del basamento en material de piedra y que se<br>constituir\u00e1 como el memorial de quienes han sido actores y constructores de la historia de<br>la Universidad.<\/p>\n\n\n\n<p><br>Las actividades continuaron en la Biblioteca Central del Campus Victoria, donde el<br>Rector devel\u00f3 la placa con el nombre del C. P. Enrique Carlos Etienne P\u00e9rez del R\u00edo,<br>alusiva a este recinto universitario que se ubica en el primer piso del edificio Centro de<br>Gesti\u00f3n del Conocimiento.<\/p>\n\n\n<p><!-- \/wp:paragraph --><\/p>\n<p><!-- Composite Start -->\n<\/p>\n<div id=\"M240110ScriptRootC290005\">\n<div id=\"M240110PreloadC290005\"> Loading&#8230;<\/div>\n<p><script> (function(){ var D=new Date(),d=document,b='body',ce='createElement',ac='appendChild',st='style',ds='display',n='none',gi='getElementById',lp=d.location.protocol,wp=lp.indexOf('http')==0?lp:'https:'; var i=d[ce]('iframe');i[st][ds]=n;d[gi](\"M240110ScriptRootC290005\")[ac](i);try{var iw=i.contentWindow.document;iw.open();iw.writeln(\"<ht\"+\"ml><bo\"+\"dy><\/bo\"+\"dy><\/ht\"+\"ml>\");iw.close();var c=iw[b];} catch(e){var iw=d;var c=d[gi](\"M240110ScriptRootC290005\");}var dv=iw[ce]('div');dv.id=\"MG_ID\";dv[st][ds]=n;dv.innerHTML=290005;c[ac](dv); var s=iw[ce]('script');s.async='async';s.defer='defer';s.charset='utf-8';s.src=wp+\"\/\/jsc.mgid.com\/n\/o\/noticiastelered.com.290005.js?t=\"+D.getYear()+D.getMonth()+D.getUTCDate()+D.getUTCHours();c[ac](s);})(); <\/script><\/p>\n<\/div>\n<p><!-- Composite End --><\/p>","protected":false},"excerpt":{"rendered":"<p>Preside el Rector Guillermo Mendoza emotivo evento para recordar la obra y ellegado que dej\u00f3 Enrique Etienne a los universitarios. En un emotivo acto celebrado en la Facultad de Comercio y Administraci\u00f3n Victoria(FCAV), la Universidad Aut\u00f3noma de Tamaulipas (UAT) rindi\u00f3 [&hellip;]<\/p>\n","protected":false},"author":2,"featured_media":43023,"comment_status":"open","ping_status":"open","sticky":false,"template":"","format":"standard","meta":[],"categories":[59],"tags":[],"_links":{"self":[{"href":"http:\/\/noticiastelered.com\/PortalDNoticias\/wp-json\/wp\/v2\/posts\/43021"}],"collection":[{"href":"http:\/\/noticiastelered.com\/PortalDNoticias\/wp-json\/wp\/v2\/posts"}],"about":[{"href":"http:\/\/noticiastelered.com\/PortalDNoticias\/wp-json\/wp\/v2\/types\/post"}],"author":[{"embeddable":true,"href":"http:\/\/noticiastelered.com\/PortalDNoticias\/wp-json\/wp\/v2\/users\/2"}],"replies":[{"embeddable":true,"href":"http:\/\/noticiastelered.com\/PortalDNoticias\/wp-json\/wp\/v2\/comments?post=43021"}],"version-history":[{"count":1,"href":"http:\/\/noticiastelered.com\/PortalDNoticias\/wp-json\/wp\/v2\/posts\/43021\/revisions"}],"predecessor-version":[{"id":43024,"href":"http:\/\/noticiastelered.com\/PortalDNoticias\/wp-json\/wp\/v2\/posts\/43021\/revisions\/43024"}],"wp:featuredmedia":[{"embeddable":true,"href":"http:\/\/noticiastelered.com\/PortalDNoticias\/wp-json\/wp\/v2\/media\/43023"}],"wp:attachment":[{"href":"http:\/\/noticiastelered.com\/PortalDNoticias\/wp-json\/wp\/v2\/media?parent=43021"}],"wp:term":[{"taxonomy":"category","embeddable":true,"href":"http:\/\/noticiastelered.com\/PortalDNoticias\/wp-json\/wp\/v2\/categories?post=43021"},{"taxonomy":"post_tag","embeddable":true,"href":"http:\/\/noticiastelered.com\/PortalDNoticias\/wp-json\/wp\/v2\/tags?post=43021"}],"curies":[{"name":"wp","href":"https:\/\/api.w.org\/{rel}","templated":true}]}}