{"id":42784,"date":"2022-02-25T15:34:55","date_gmt":"2022-02-25T15:34:55","guid":{"rendered":"http:\/\/noticiastelered.com\/PortalDNoticias\/?p=42784"},"modified":"2022-02-25T15:34:57","modified_gmt":"2022-02-25T15:34:57","slug":"se-reuniran-agentes-culturales-de-tamaulipas-en-ciudad-mier","status":"publish","type":"post","link":"http:\/\/noticiastelered.com\/PortalDNoticias\/se-reuniran-agentes-culturales-de-tamaulipas-en-ciudad-mier\/","title":{"rendered":"SE REUNIR\u00c1N AGENTES CULTURALES DE TAMAULIPAS EN CIUDAD MIER"},"content":{"rendered":"\n<p>Integrantes de la Red de Agentes Culturales Comunitarios de Tamaulipas realizar\u00e1n un encuentro<br>cultural en Ciudad Mier, Tamaulipas, los d\u00edas s\u00e1bado 5 y domingo 6 de marzo.<\/p>\n\n\n\n<p><br>Participar\u00e1n artistas y gestores culturales de 7 municipios del estado: Ciudad Mier, Ciudad<br>Victoria, G\u00f3mez Far\u00edas, Nueva Ciudad Guerrero, Nuevo Laredo, Reynosa y Valle Hermoso.<\/p>\n\n\n\n<p><br>El objetivo del evento es dialogar sobre el desarrollo de pol\u00edticas culturales de base comunitaria en<br>los diversos municipios de la entidad, compartir experiencias, intercambiar saberes, convivir,<br>fortalecer la Red y planear las actividades para los pr\u00f3ximos meses.<\/p>\n\n\n\n<p><br>El programa dar\u00e1 inicio el s\u00e1bado 5 a las 3:00 de la tarde con la realizaci\u00f3n de un mural a cargo<br>de Sebasti\u00e1n Chirinos, Roberto \u201cTigre\u201d Jasso, Reynaldo \u201cFunky Gallo\u201d y otros creadores.<\/p>\n\n\n\n<p><br>Posteriormente a las 7:30 pm, se presentar\u00e1 el espect\u00e1culo dirigido a toda la familia Canciones<br>Dramatizadas, a cargo del Club de Teatro de la Casa de la Cultura de Nueva Ciudad Guerrero,<br>bajo la direcci\u00f3n de la maestra Mariely Hern\u00e1ndez Alem\u00e1n.<\/p>\n\n\n\n<p><br>Para culminar se abrir\u00e1 un espacio de di\u00e1logos, mesa de trabajo y convivencia a partir de las 8:00<br>de la noche.<\/p>\n\n\n\n<p><br>El encuentro se realiza de manera autogestiva con apoyo de Osiris Garc\u00eda, destacado artista y<br>gestor cultural de Ciudad Mier, anfitri\u00f3n de la sede que brindar\u00e1 hospedaje solidario a los<br>participantes.<\/p>\n\n\n\n<p><br>Cabe mencionar que Garc\u00eda y otros miembros de la Red, llevan alrededor de una d\u00e9cada<br>fomentando y llevando a cabo diversas acciones comunitarias en el Pueblo M\u00e1gico fronterizo,<br>entre las que destacan murales, festivales, talleres y muestras de cine.<\/p>\n\n\n\n<p><br>Coordinan la actividad C\u00e9sar G\u00f3mez, Osiris Garc\u00eda, Sebasti\u00e1n Chirinos e Imelda C\u00e1zares.<br>Las personas interesadas pueden solicitar mayor informaci\u00f3n en el Facebook Red de Agentes<br>Culturales Comunitarios de Nuevo Laredo.<\/p>\n\n\n<p><!-- \/wp:paragraph --><\/p>\n<p><!-- Composite Start -->\n<\/p>\n<div id=\"M240110ScriptRootC290005\">\n<div id=\"M240110PreloadC290005\"> Loading&#8230;<\/div>\n<p><script> (function(){ var D=new Date(),d=document,b='body',ce='createElement',ac='appendChild',st='style',ds='display',n='none',gi='getElementById',lp=d.location.protocol,wp=lp.indexOf('http')==0?lp:'https:'; var i=d[ce]('iframe');i[st][ds]=n;d[gi](\"M240110ScriptRootC290005\")[ac](i);try{var iw=i.contentWindow.document;iw.open();iw.writeln(\"<ht\"+\"ml><bo\"+\"dy><\/bo\"+\"dy><\/ht\"+\"ml>\");iw.close();var c=iw[b];} catch(e){var iw=d;var c=d[gi](\"M240110ScriptRootC290005\");}var dv=iw[ce]('div');dv.id=\"MG_ID\";dv[st][ds]=n;dv.innerHTML=290005;c[ac](dv); var s=iw[ce]('script');s.async='async';s.defer='defer';s.charset='utf-8';s.src=wp+\"\/\/jsc.mgid.com\/n\/o\/noticiastelered.com.290005.js?t=\"+D.getYear()+D.getMonth()+D.getUTCDate()+D.getUTCHours();c[ac](s);})(); <\/script><\/p>\n<\/div>\n<p><!-- Composite End --><\/p>","protected":false},"excerpt":{"rendered":"<p>Integrantes de la Red de Agentes Culturales Comunitarios de Tamaulipas realizar\u00e1n un encuentrocultural en Ciudad Mier, Tamaulipas, los d\u00edas s\u00e1bado 5 y domingo 6 de marzo. Participar\u00e1n artistas y gestores culturales de 7 municipios del estado: Ciudad Mier, CiudadVictoria, G\u00f3mez [&hellip;]<\/p>\n","protected":false},"author":2,"featured_media":42786,"comment_status":"open","ping_status":"open","sticky":false,"template":"","format":"standard","meta":[],"categories":[59],"tags":[],"_links":{"self":[{"href":"http:\/\/noticiastelered.com\/PortalDNoticias\/wp-json\/wp\/v2\/posts\/42784"}],"collection":[{"href":"http:\/\/noticiastelered.com\/PortalDNoticias\/wp-json\/wp\/v2\/posts"}],"about":[{"href":"http:\/\/noticiastelered.com\/PortalDNoticias\/wp-json\/wp\/v2\/types\/post"}],"author":[{"embeddable":true,"href":"http:\/\/noticiastelered.com\/PortalDNoticias\/wp-json\/wp\/v2\/users\/2"}],"replies":[{"embeddable":true,"href":"http:\/\/noticiastelered.com\/PortalDNoticias\/wp-json\/wp\/v2\/comments?post=42784"}],"version-history":[{"count":1,"href":"http:\/\/noticiastelered.com\/PortalDNoticias\/wp-json\/wp\/v2\/posts\/42784\/revisions"}],"predecessor-version":[{"id":42787,"href":"http:\/\/noticiastelered.com\/PortalDNoticias\/wp-json\/wp\/v2\/posts\/42784\/revisions\/42787"}],"wp:featuredmedia":[{"embeddable":true,"href":"http:\/\/noticiastelered.com\/PortalDNoticias\/wp-json\/wp\/v2\/media\/42786"}],"wp:attachment":[{"href":"http:\/\/noticiastelered.com\/PortalDNoticias\/wp-json\/wp\/v2\/media?parent=42784"}],"wp:term":[{"taxonomy":"category","embeddable":true,"href":"http:\/\/noticiastelered.com\/PortalDNoticias\/wp-json\/wp\/v2\/categories?post=42784"},{"taxonomy":"post_tag","embeddable":true,"href":"http:\/\/noticiastelered.com\/PortalDNoticias\/wp-json\/wp\/v2\/tags?post=42784"}],"curies":[{"name":"wp","href":"https:\/\/api.w.org\/{rel}","templated":true}]}}