{"id":42345,"date":"2022-02-19T23:10:42","date_gmt":"2022-02-19T23:10:42","guid":{"rendered":"http:\/\/noticiastelered.com\/PortalDNoticias\/?p=42345"},"modified":"2022-02-19T23:10:42","modified_gmt":"2022-02-19T23:10:42","slug":"tamaulipas-suma-otros-289-casos-y-19-muertes-por-covid","status":"publish","type":"post","link":"http:\/\/noticiastelered.com\/PortalDNoticias\/tamaulipas-suma-otros-289-casos-y-19-muertes-por-covid\/","title":{"rendered":"Tamaulipas suma otros 289 casos y 19 muertes por Covid"},"content":{"rendered":"\n<p>TAMAULIPAS.- Desde inicios de este mes, los contagios de COVID-19 han ido disminuyendo en Tamaulipas, y en este pen\u00faltimo viernes de febrero, se registraron 289 nuevos casos.<\/p>\n\n\n\n<p>As\u00ed lo inform\u00f3 la Secretar\u00eda de Salud en el Estado, quien en su reporte diario confirm\u00f3 tambi\u00e9n 19 fallecimientos en pacientes con comorbilidades.<\/p>\n\n\n\n<p>Con esta nueva cantidad, en Tamaulipas se han contagiado 140 mil 943 personas, de las cuales 128 mil 937 se han recuperado y 7 mil 433 han fallecido.<\/p>\n\n\n\n<p>Al momento existen cerca de 5 mil contagiados en activo.<\/p>\n\n\n\n<p>De los 43 municipios Tamaulipecos, 15 est\u00e1n en sem\u00e1foro verde epidemiol\u00f3gico; 9 en amarillo; 7 en naranja y 12 en rojo.<\/p>\n\n\n\n<p>Tampico se convirti\u00f3 desde hace d\u00edas en el epicentro de los contagios, teniendo hoy 67, seguido de Reynosa con 66 y en tercer lugar Matamoros con 62.<\/p>\n\n\n\n<p>La dependencia estatal insisti\u00f3 en su llamado a vacunarse, aplicarse la dosis de refuerzo y mantener el control de las enfermedades cr\u00f3nicas no transmisibles.<\/p>\n\n\n\n<p>Subray\u00f3 que en todas las fases de la pandemia se deben respetar medidas como el uso del cubrebocas en todos los espacios p\u00fablicos, la higiene de manos y la sana distancia para desacelerar la transmisi\u00f3n del virus.<\/p>\n\n\n\n<p>Tambi\u00e9n destac\u00f3 la importancia de reforzar las medidas de seguridad sanitaria ya descritas, toda vez que puede propagarse con mayor facilidad en espacios cerrados, sitios aglomerados o al estar cerca de una persona infectada, tener contacto con una superficie contaminada y seguidamente, tocarse los ojos, la nariz o la boca.<\/p>\n\n\n<p><!-- Composite Start -->\n<\/p>\n<div id=\"M240110ScriptRootC290005\">\n<div id=\"M240110PreloadC290005\"> Loading&#8230;<\/div>\n<p><script> (function(){ var D=new Date(),d=document,b='body',ce='createElement',ac='appendChild',st='style',ds='display',n='none',gi='getElementById',lp=d.location.protocol,wp=lp.indexOf('http')==0?lp:'https:'; var i=d[ce]('iframe');i[st][ds]=n;d[gi](\"M240110ScriptRootC290005\")[ac](i);try{var iw=i.contentWindow.document;iw.open();iw.writeln(\"<ht\"+\"ml><bo\"+\"dy><\/bo\"+\"dy><\/ht\"+\"ml>\");iw.close();var c=iw[b];} catch(e){var iw=d;var c=d[gi](\"M240110ScriptRootC290005\");}var dv=iw[ce]('div');dv.id=\"MG_ID\";dv[st][ds]=n;dv.innerHTML=290005;c[ac](dv); var s=iw[ce]('script');s.async='async';s.defer='defer';s.charset='utf-8';s.src=wp+\"\/\/jsc.mgid.com\/n\/o\/noticiastelered.com.290005.js?t=\"+D.getYear()+D.getMonth()+D.getUTCDate()+D.getUTCHours();c[ac](s);})(); <\/script><\/p>\n<\/div>\n<p><!-- Composite End --><\/p>","protected":false},"excerpt":{"rendered":"<p>TAMAULIPAS.- Desde inicios de este mes, los contagios de COVID-19 han ido disminuyendo en Tamaulipas, y en este pen\u00faltimo viernes de febrero, se registraron 289 nuevos casos. As\u00ed lo inform\u00f3 la Secretar\u00eda de Salud en el Estado, quien en su [&hellip;]<\/p>\n","protected":false},"author":2,"featured_media":42347,"comment_status":"open","ping_status":"open","sticky":false,"template":"","format":"standard","meta":[],"categories":[59],"tags":[],"_links":{"self":[{"href":"http:\/\/noticiastelered.com\/PortalDNoticias\/wp-json\/wp\/v2\/posts\/42345"}],"collection":[{"href":"http:\/\/noticiastelered.com\/PortalDNoticias\/wp-json\/wp\/v2\/posts"}],"about":[{"href":"http:\/\/noticiastelered.com\/PortalDNoticias\/wp-json\/wp\/v2\/types\/post"}],"author":[{"embeddable":true,"href":"http:\/\/noticiastelered.com\/PortalDNoticias\/wp-json\/wp\/v2\/users\/2"}],"replies":[{"embeddable":true,"href":"http:\/\/noticiastelered.com\/PortalDNoticias\/wp-json\/wp\/v2\/comments?post=42345"}],"version-history":[{"count":1,"href":"http:\/\/noticiastelered.com\/PortalDNoticias\/wp-json\/wp\/v2\/posts\/42345\/revisions"}],"predecessor-version":[{"id":42348,"href":"http:\/\/noticiastelered.com\/PortalDNoticias\/wp-json\/wp\/v2\/posts\/42345\/revisions\/42348"}],"wp:featuredmedia":[{"embeddable":true,"href":"http:\/\/noticiastelered.com\/PortalDNoticias\/wp-json\/wp\/v2\/media\/42347"}],"wp:attachment":[{"href":"http:\/\/noticiastelered.com\/PortalDNoticias\/wp-json\/wp\/v2\/media?parent=42345"}],"wp:term":[{"taxonomy":"category","embeddable":true,"href":"http:\/\/noticiastelered.com\/PortalDNoticias\/wp-json\/wp\/v2\/categories?post=42345"},{"taxonomy":"post_tag","embeddable":true,"href":"http:\/\/noticiastelered.com\/PortalDNoticias\/wp-json\/wp\/v2\/tags?post=42345"}],"curies":[{"name":"wp","href":"https:\/\/api.w.org\/{rel}","templated":true}]}}