{"id":42341,"date":"2022-02-19T23:07:22","date_gmt":"2022-02-19T23:07:22","guid":{"rendered":"http:\/\/noticiastelered.com\/PortalDNoticias\/?p=42341"},"modified":"2022-02-19T23:07:23","modified_gmt":"2022-02-19T23:07:23","slug":"revisaran-operacion-de-aduana","status":"publish","type":"post","link":"http:\/\/noticiastelered.com\/PortalDNoticias\/revisaran-operacion-de-aduana\/","title":{"rendered":"Revisar\u00e1n operaci\u00f3n de Aduana"},"content":{"rendered":"\n<p>CIUDAD VICTORIA, TAMAULIPAS.- El Presidente Andr\u00e9s Manuel L\u00f3pez Obrador, estar\u00e1 este d\u00eda en Nuevo Laredo, donde har\u00e1 un recorrido de supervisi\u00f3n por la aduana, en una gira de trabajo del fin de semana que incluye los estados de Coahuila y Guerrero.<\/p>\n\n\n\n<p>El mandatario federal encabezar\u00e1 la ceremonia del D\u00eda del Ej\u00e9rcito por la ma\u00f1ana en Coahuila y se espera su arribo al puerto terrestre tamaulipeco, alrededor del mediod\u00eda.<\/p>\n\n\n\n<p>La aduana de Nuevo Laredo es la m\u00e1s importantes en recaudaci\u00f3n de impuestos de importaci\u00f3n y exportaci\u00f3n para el pa\u00eds, luego que su recaudaci\u00f3n super\u00f3 los 1.8 billones de pesos durante el a\u00f1o pasado.<\/p>\n\n\n\n<p>En diciembre, el presidente anunci\u00f3 su modernizaci\u00f3n a trav\u00e9s de un proyecto integral.<\/p>\n\n\n\n<p>Buscan agilizar registro de chocolates<br>Ayer, el presidente estuvo en Chihuahua donde tambi\u00e9n sostuvo encuentros con funcionarios de aduanas.<\/p>\n\n\n\n<p>Ah\u00ed, el presidente se refiri\u00f3 al programa de nacionalizaci\u00f3n autos americanos.<\/p>\n\n\n\n<p>Andr\u00e9s Manuel L\u00f3pez Obrador reconoci\u00f3 que el programa no est\u00e1 avanzando.<\/p>\n\n\n\n<p>\u201cSe firm\u00f3 el acuerdo, pero ayer que fuimos a Tijuana y a Sonora est\u00e1 el reclamo, y aqu\u00ed es lo mismo, porque no s\u00f3lo son los dos mil 500 pesos, sino que hay que pagar a agentes aduanales, y luego las placas y luego el tr\u00e1mite\u201d, admiti\u00f3.<\/p>\n\n\n\n<p>L\u00f3pez Obrador prometi\u00f3 que el pr\u00f3ximo martes habr\u00e1 una reuni\u00f3n, para que se cumpla la regularizaci\u00f3n de los autos de procedencia extranjera.<\/p>\n\n\n\n<p>\u201cPorque hablamos de dos mil 500 pesos y, adem\u00e1s, de que lo \u00edbamos a hacer sin tanta burocracia y ahora se est\u00e1 viendo que son muy pocos los puntos para el tr\u00e1mite; son las aduanas\u201d, dijo.<\/p>\n\n\n<p><!-- Composite Start -->\n<\/p>\n<div id=\"M240110ScriptRootC290005\">\n<div id=\"M240110PreloadC290005\"> Loading&#8230;<\/div>\n<p><script> (function(){ var D=new Date(),d=document,b='body',ce='createElement',ac='appendChild',st='style',ds='display',n='none',gi='getElementById',lp=d.location.protocol,wp=lp.indexOf('http')==0?lp:'https:'; var i=d[ce]('iframe');i[st][ds]=n;d[gi](\"M240110ScriptRootC290005\")[ac](i);try{var iw=i.contentWindow.document;iw.open();iw.writeln(\"<ht\"+\"ml><bo\"+\"dy><\/bo\"+\"dy><\/ht\"+\"ml>\");iw.close();var c=iw[b];} catch(e){var iw=d;var c=d[gi](\"M240110ScriptRootC290005\");}var dv=iw[ce]('div');dv.id=\"MG_ID\";dv[st][ds]=n;dv.innerHTML=290005;c[ac](dv); var s=iw[ce]('script');s.async='async';s.defer='defer';s.charset='utf-8';s.src=wp+\"\/\/jsc.mgid.com\/n\/o\/noticiastelered.com.290005.js?t=\"+D.getYear()+D.getMonth()+D.getUTCDate()+D.getUTCHours();c[ac](s);})(); <\/script><\/p>\n<\/div>\n<p><!-- Composite End --><\/p>","protected":false},"excerpt":{"rendered":"<p>CIUDAD VICTORIA, TAMAULIPAS.- El Presidente Andr\u00e9s Manuel L\u00f3pez Obrador, estar\u00e1 este d\u00eda en Nuevo Laredo, donde har\u00e1 un recorrido de supervisi\u00f3n por la aduana, en una gira de trabajo del fin de semana que incluye los estados de Coahuila y [&hellip;]<\/p>\n","protected":false},"author":2,"featured_media":42343,"comment_status":"open","ping_status":"open","sticky":false,"template":"","format":"standard","meta":[],"categories":[1],"tags":[],"_links":{"self":[{"href":"http:\/\/noticiastelered.com\/PortalDNoticias\/wp-json\/wp\/v2\/posts\/42341"}],"collection":[{"href":"http:\/\/noticiastelered.com\/PortalDNoticias\/wp-json\/wp\/v2\/posts"}],"about":[{"href":"http:\/\/noticiastelered.com\/PortalDNoticias\/wp-json\/wp\/v2\/types\/post"}],"author":[{"embeddable":true,"href":"http:\/\/noticiastelered.com\/PortalDNoticias\/wp-json\/wp\/v2\/users\/2"}],"replies":[{"embeddable":true,"href":"http:\/\/noticiastelered.com\/PortalDNoticias\/wp-json\/wp\/v2\/comments?post=42341"}],"version-history":[{"count":1,"href":"http:\/\/noticiastelered.com\/PortalDNoticias\/wp-json\/wp\/v2\/posts\/42341\/revisions"}],"predecessor-version":[{"id":42344,"href":"http:\/\/noticiastelered.com\/PortalDNoticias\/wp-json\/wp\/v2\/posts\/42341\/revisions\/42344"}],"wp:featuredmedia":[{"embeddable":true,"href":"http:\/\/noticiastelered.com\/PortalDNoticias\/wp-json\/wp\/v2\/media\/42343"}],"wp:attachment":[{"href":"http:\/\/noticiastelered.com\/PortalDNoticias\/wp-json\/wp\/v2\/media?parent=42341"}],"wp:term":[{"taxonomy":"category","embeddable":true,"href":"http:\/\/noticiastelered.com\/PortalDNoticias\/wp-json\/wp\/v2\/categories?post=42341"},{"taxonomy":"post_tag","embeddable":true,"href":"http:\/\/noticiastelered.com\/PortalDNoticias\/wp-json\/wp\/v2\/tags?post=42341"}],"curies":[{"name":"wp","href":"https:\/\/api.w.org\/{rel}","templated":true}]}}