{"id":42332,"date":"2022-02-19T23:00:19","date_gmt":"2022-02-19T23:00:19","guid":{"rendered":"http:\/\/noticiastelered.com\/PortalDNoticias\/?p=42332"},"modified":"2022-02-19T23:00:22","modified_gmt":"2022-02-19T23:00:22","slug":"baja-presa-a-niveles-criticos","status":"publish","type":"post","link":"http:\/\/noticiastelered.com\/PortalDNoticias\/baja-presa-a-niveles-criticos\/","title":{"rendered":"Baja presa a niveles cr\u00edticos"},"content":{"rendered":"\n<p>CIUDAD VICTORIA, TAMAULIPAS.- La presa Vicente Guerrero se seca, luego de que se encuentra en su nivel m\u00e1s bajo en los \u00faltimos 12 a\u00f1os al llegar al 33 por ciento de su capacidad y en las pr\u00f3ximas semanas seguir\u00e1 bajando.<\/p>\n\n\n\n<p>Este viernes 18 de febrero el Sistema Nacional de Informaci\u00f3n del Agua en su monitoreo de las principales presas de M\u00e9xico, revel\u00f3 que este vaso lacustre que es el principal proveedor de agua potable para la capital del estado seguir\u00e1 bajando debido a que est\u00e1 vigente el ciclo de riego agr\u00edcola del Distrito de Riego 026.<\/p>\n\n\n\n<p>De esta presa los agricultores de Abasolo y Soto la Marina, riegan poco m\u00e1s de 27 mil hect\u00e1reas que siembran principalmente de ma\u00edz y sorgo en esa zona, donde en este a\u00f1o les autorizaron casi 500 millones de metros c\u00fabicos por lo que la presa podr\u00eda quedar con poco m\u00e1s de un 20 por ciento para mediados de a\u00f1o.<\/p>\n\n\n\n<p>El informe revela que la presa cuenta con un almacenamiento de mil 271 millones de metros c\u00fabicos de agua, con un 33 por ciento de su capacidad que es, uno de los niveles m\u00e1s bajos que ha registrado en m\u00e1s de una d\u00e9cada.<\/p>\n\n\n\n<p>La presa Vicente Guerrero en julio del 2010 y hasta el 2011, logr\u00f3 contar con m\u00e1s de un 100 por ciento de su nivel, luego de las lluvias que dej\u00f3 a su paso el Hurac\u00e1n Alex, sin embargo, en los \u00faltimos a\u00f1os este vaso lacustre ha registrado un nivel cada vez m\u00e1s bajo debido a la ausencia de lluvias.<\/p>\n\n\n\n<p>Adem\u00e1s investigaciones realizadas por expertos en temas hidroagr\u00edcolas se\u00f1alan que adem\u00e1s en la presa existe una fuga de agua, debido a una falla subterr\u00e1nea que tiene la presa, que hace que el agua aparezca m\u00e1s delante de la represa.<\/p>\n\n\n\n<p>Los edificios hist\u00f3ricos como la escuela primaria, las casas, el puente viejo que cruzaba el r\u00edo Purificaci\u00f3n en la carretera de Viejo Padilla \u2013 Jim\u00e9nez, y hasta el cementerio antiguo volvieron a aparecer despu\u00e9s de haber permanecido por d\u00e9cadas bajo el agua.<\/p>\n\n\n\n<p>El agua tambi\u00e9n se ha alejado de los centros ecoturisticos de la zona, donde en lugares como Villanautica han tenido que realizar excavaciones para lograr que el agua llegue al muelle luego de cada vez est\u00e1 m\u00e1s alejada.<\/p>\n\n\n\n<p>Asimismo, los pescadores de las cooperativas cada vez tienen que caminar m\u00e1s para bajar sus cargamentos de peces a la zona de acopio, debido a que el agua se alej\u00f3, cuando antes estaba casi a fuera de sus viviendas.<\/p>\n\n\n\n<p>De no llover los expertos estiman que la presa solo le quedar\u00e1 agua para atender la demanda de l\u00edquido para el 2023, por lo que se corre el riesgo que latente para el 2024 de que toda la zona se quede sin agua.<\/p>\n\n\n<p><!-- Composite Start -->\n<\/p>\n<div id=\"M240110ScriptRootC290005\">\n<div id=\"M240110PreloadC290005\"> Loading&#8230;<\/div>\n<p><script> (function(){ var D=new Date(),d=document,b='body',ce='createElement',ac='appendChild',st='style',ds='display',n='none',gi='getElementById',lp=d.location.protocol,wp=lp.indexOf('http')==0?lp:'https:'; var i=d[ce]('iframe');i[st][ds]=n;d[gi](\"M240110ScriptRootC290005\")[ac](i);try{var iw=i.contentWindow.document;iw.open();iw.writeln(\"<ht\"+\"ml><bo\"+\"dy><\/bo\"+\"dy><\/ht\"+\"ml>\");iw.close();var c=iw[b];} catch(e){var iw=d;var c=d[gi](\"M240110ScriptRootC290005\");}var dv=iw[ce]('div');dv.id=\"MG_ID\";dv[st][ds]=n;dv.innerHTML=290005;c[ac](dv); var s=iw[ce]('script');s.async='async';s.defer='defer';s.charset='utf-8';s.src=wp+\"\/\/jsc.mgid.com\/n\/o\/noticiastelered.com.290005.js?t=\"+D.getYear()+D.getMonth()+D.getUTCDate()+D.getUTCHours();c[ac](s);})(); <\/script><\/p>\n<\/div>\n<p><!-- Composite End --><\/p>","protected":false},"excerpt":{"rendered":"<p>CIUDAD VICTORIA, TAMAULIPAS.- La presa Vicente Guerrero se seca, luego de que se encuentra en su nivel m\u00e1s bajo en los \u00faltimos 12 a\u00f1os al llegar al 33 por ciento de su capacidad y en las pr\u00f3ximas semanas seguir\u00e1 bajando. [&hellip;]<\/p>\n","protected":false},"author":2,"featured_media":42334,"comment_status":"open","ping_status":"open","sticky":false,"template":"","format":"standard","meta":[],"categories":[59],"tags":[],"_links":{"self":[{"href":"http:\/\/noticiastelered.com\/PortalDNoticias\/wp-json\/wp\/v2\/posts\/42332"}],"collection":[{"href":"http:\/\/noticiastelered.com\/PortalDNoticias\/wp-json\/wp\/v2\/posts"}],"about":[{"href":"http:\/\/noticiastelered.com\/PortalDNoticias\/wp-json\/wp\/v2\/types\/post"}],"author":[{"embeddable":true,"href":"http:\/\/noticiastelered.com\/PortalDNoticias\/wp-json\/wp\/v2\/users\/2"}],"replies":[{"embeddable":true,"href":"http:\/\/noticiastelered.com\/PortalDNoticias\/wp-json\/wp\/v2\/comments?post=42332"}],"version-history":[{"count":2,"href":"http:\/\/noticiastelered.com\/PortalDNoticias\/wp-json\/wp\/v2\/posts\/42332\/revisions"}],"predecessor-version":[{"id":42336,"href":"http:\/\/noticiastelered.com\/PortalDNoticias\/wp-json\/wp\/v2\/posts\/42332\/revisions\/42336"}],"wp:featuredmedia":[{"embeddable":true,"href":"http:\/\/noticiastelered.com\/PortalDNoticias\/wp-json\/wp\/v2\/media\/42334"}],"wp:attachment":[{"href":"http:\/\/noticiastelered.com\/PortalDNoticias\/wp-json\/wp\/v2\/media?parent=42332"}],"wp:term":[{"taxonomy":"category","embeddable":true,"href":"http:\/\/noticiastelered.com\/PortalDNoticias\/wp-json\/wp\/v2\/categories?post=42332"},{"taxonomy":"post_tag","embeddable":true,"href":"http:\/\/noticiastelered.com\/PortalDNoticias\/wp-json\/wp\/v2\/tags?post=42332"}],"curies":[{"name":"wp","href":"https:\/\/api.w.org\/{rel}","templated":true}]}}