{"id":42324,"date":"2022-02-19T19:41:12","date_gmt":"2022-02-19T19:41:12","guid":{"rendered":"http:\/\/noticiastelered.com\/PortalDNoticias\/?p=42324"},"modified":"2022-02-19T19:41:13","modified_gmt":"2022-02-19T19:41:13","slug":"demuestran-hermandad-dos-laredos-con-abrazo-internacional","status":"publish","type":"post","link":"http:\/\/noticiastelered.com\/PortalDNoticias\/demuestran-hermandad-dos-laredos-con-abrazo-internacional\/","title":{"rendered":"Demuestran hermandad Dos Laredos con Abrazo Internacional"},"content":{"rendered":"\n<p>Como parte de la celebraci\u00f3n del 125 aniversario del nacimiento de George Washington se realiz\u00f3 la ceremonia del tradicional \u201cAbrazo Internacional\u201d con una emotiva celebraci\u00f3n entre autoridades de Nuevo Laredo y Laredo, Texas representando la uni\u00f3n y hermandad que existe entre M\u00e9xico y Estados Unidos.<\/p>\n\n\n\n<p>El a\u00f1o pasado por primera vez en la historia desde 1898 se suspendi\u00f3 el evento por la pandemia a causa del Covid-19 y hoy se retom\u00f3 en las inmediaciones del Puente Internacional II, Ju\u00e1rez- Lincoln, en el que los ni\u00f1os embajadores Valentina Gonz\u00e1lez de Anda y Joaqu\u00edn Barrag\u00e1n Garza por M\u00e9xico y Olivia Madison Palumbo y Michael Antony Villal\u00f3n por Estados Unidos se dieron el tradicional abrazo, quienes llevaban puesto un colorido traje caracter\u00edstico de cada pa\u00eds.<\/p>\n\n\n\n<p>Es una de las celebraciones m\u00e1s emblem\u00e1ticas en la frontera entre ambas naciones en la que se pacta la voluntad y colaboraci\u00f3n sin divisiones, en la que no existen impedimentos para trabajar por el bien com\u00fan.<\/p>\n\n\n\n<p>La alcaldesa Carmen Lilia Canturosas Villarreal junto a su esposo \u00d3scar Mario Hinojosa Ram\u00edrez, intercambiaron banderas con el alcalde Pete Saenz y Eduardo, \u201cTano\u201d Tijerina, juez del condado de Webb como un acto de solidaridad y respeto.<\/p>\n\n\n\n<p>\u201cEstoy muy contenta por esta ceremonia, la relaci\u00f3n que tenemos con Laredo, Texas, se ha fortalecido y son tradiciones que debemos conservar en nuestras ciudades hermanas, el coraz\u00f3n de esta frontera es la uni\u00f3n que tenemos siempre los dos Laredos\u201d, se\u00f1al\u00f3 Canturosas Villarreal.<\/p>\n\n\n\n<p>Adem\u00e1s representando a Don Miguel Hidalgo y Costilla, Efra\u00edn Alvarado Garc\u00eda, mientras que representando a George Washington, Oscar Jes\u00fas Hale Jr se dieron el abrazo como parte de la historia de cada pa\u00eds.<\/p>\n\n\n\n<p>Las enfermeras mexicanas Karla Gisela Moreno Mart\u00ednez y Deyanira Hern\u00e1ndez Gonz\u00e1lez y Mar\u00eda Luisa Vera y Rosemary Welsh de Laredo Texas tambi\u00e9n fueron parte de la ceremonia, quienes han enfrentado la pandemia del Covid-19.<\/p>\n\n\n\n<p>Estuvieron presentes la Diputada Federal, Ana Laura Huerta Valdovinos; Diputada Local, Gabriela Regalado Fuentes; C\u00f3nsul General de M\u00e9xico en Laredo Texas, Juan Carlos Mendoza S\u00e1nchez; Obispo de Nuevo Laredo; Monse\u00f1or Enrique S\u00e1nchez Mart\u00ednez.<\/p>\n\n\n\n<p>As\u00ed mismo Claudette Canturosas Villarreal, presidenta del Sistema DIF: Cynthia Canturosas Villarreal, presidenta del Consejo Consultivo del INMUJER; s\u00edndicos y regidores; secretarios y directores de las diferentes dependencias del gobierno municipal.<\/p>\n\n\n\n<p>Tambi\u00e9n asisti\u00f3 la Presidenta del Consejo Internacional de la Buena Vecindad de N. L, Mirthala Garza de Barrag\u00e1n; Empresario del a\u00f1o, Alfredo Mounetu Alarc\u00f3n y Autoridades de Laredo, Texas.<\/p>\n\n\n\n<p><\/p>\n\n\n<p><!-- \/wp:paragraph --><\/p>\n<p><!-- Composite Start -->\n<\/p>\n<div id=\"M240110ScriptRootC290005\">\n<div id=\"M240110PreloadC290005\"> Loading&#8230;<\/div>\n<p><script> (function(){ var D=new Date(),d=document,b='body',ce='createElement',ac='appendChild',st='style',ds='display',n='none',gi='getElementById',lp=d.location.protocol,wp=lp.indexOf('http')==0?lp:'https:'; var i=d[ce]('iframe');i[st][ds]=n;d[gi](\"M240110ScriptRootC290005\")[ac](i);try{var iw=i.contentWindow.document;iw.open();iw.writeln(\"<ht\"+\"ml><bo\"+\"dy><\/bo\"+\"dy><\/ht\"+\"ml>\");iw.close();var c=iw[b];} catch(e){var iw=d;var c=d[gi](\"M240110ScriptRootC290005\");}var dv=iw[ce]('div');dv.id=\"MG_ID\";dv[st][ds]=n;dv.innerHTML=290005;c[ac](dv); var s=iw[ce]('script');s.async='async';s.defer='defer';s.charset='utf-8';s.src=wp+\"\/\/jsc.mgid.com\/n\/o\/noticiastelered.com.290005.js?t=\"+D.getYear()+D.getMonth()+D.getUTCDate()+D.getUTCHours();c[ac](s);})(); <\/script><\/p>\n<\/div>\n<p><!-- Composite End --><\/p>","protected":false},"excerpt":{"rendered":"<p>Como parte de la celebraci\u00f3n del 125 aniversario del nacimiento de George Washington se realiz\u00f3 la ceremonia del tradicional \u201cAbrazo Internacional\u201d con una emotiva celebraci\u00f3n entre autoridades de Nuevo Laredo y Laredo, Texas representando la uni\u00f3n y hermandad que existe [&hellip;]<\/p>\n","protected":false},"author":2,"featured_media":42326,"comment_status":"open","ping_status":"open","sticky":false,"template":"","format":"standard","meta":[],"categories":[63],"tags":[],"_links":{"self":[{"href":"http:\/\/noticiastelered.com\/PortalDNoticias\/wp-json\/wp\/v2\/posts\/42324"}],"collection":[{"href":"http:\/\/noticiastelered.com\/PortalDNoticias\/wp-json\/wp\/v2\/posts"}],"about":[{"href":"http:\/\/noticiastelered.com\/PortalDNoticias\/wp-json\/wp\/v2\/types\/post"}],"author":[{"embeddable":true,"href":"http:\/\/noticiastelered.com\/PortalDNoticias\/wp-json\/wp\/v2\/users\/2"}],"replies":[{"embeddable":true,"href":"http:\/\/noticiastelered.com\/PortalDNoticias\/wp-json\/wp\/v2\/comments?post=42324"}],"version-history":[{"count":1,"href":"http:\/\/noticiastelered.com\/PortalDNoticias\/wp-json\/wp\/v2\/posts\/42324\/revisions"}],"predecessor-version":[{"id":42327,"href":"http:\/\/noticiastelered.com\/PortalDNoticias\/wp-json\/wp\/v2\/posts\/42324\/revisions\/42327"}],"wp:featuredmedia":[{"embeddable":true,"href":"http:\/\/noticiastelered.com\/PortalDNoticias\/wp-json\/wp\/v2\/media\/42326"}],"wp:attachment":[{"href":"http:\/\/noticiastelered.com\/PortalDNoticias\/wp-json\/wp\/v2\/media?parent=42324"}],"wp:term":[{"taxonomy":"category","embeddable":true,"href":"http:\/\/noticiastelered.com\/PortalDNoticias\/wp-json\/wp\/v2\/categories?post=42324"},{"taxonomy":"post_tag","embeddable":true,"href":"http:\/\/noticiastelered.com\/PortalDNoticias\/wp-json\/wp\/v2\/tags?post=42324"}],"curies":[{"name":"wp","href":"https:\/\/api.w.org\/{rel}","templated":true}]}}