{"id":42318,"date":"2022-02-18T21:13:04","date_gmt":"2022-02-18T21:13:04","guid":{"rendered":"http:\/\/noticiastelered.com\/PortalDNoticias\/?p=42318"},"modified":"2022-02-18T21:13:04","modified_gmt":"2022-02-18T21:13:04","slug":"belinda-denuncia-violencia-de-genero-y-asegura-que-buscara-respeto-por-la-via-legal","status":"publish","type":"post","link":"http:\/\/noticiastelered.com\/PortalDNoticias\/belinda-denuncia-violencia-de-genero-y-asegura-que-buscara-respeto-por-la-via-legal\/","title":{"rendered":"Belinda denuncia violencia de g\u00e9nero y asegura que buscar\u00e1 respeto por la v\u00eda legal"},"content":{"rendered":"\n<p>A trav\u00e9s de sus redes sociales, Belinda lament\u00f3 la violencia de g\u00e9nero de la ha sido objeto en los \u00faltimos d\u00edas, y adelant\u00f3 que tomar\u00e1 acciones legales, luego de que personas p\u00fablicas y medios de comunicaci\u00f3n han traspasado la l\u00ednea del respeto y han externado comentarios sobre ella que la colocan una posici\u00f3n muy vulnerable.<br><br>La cantante, quien hace unos d\u00edas anunci\u00f3 el final de su compromiso con Christian Nodal, conden\u00f3 que se hayan externado opiniones sobre ella a ra\u00edz de una decisi\u00f3n personal que s\u00f3lo le ata\u00f1e a ella, y que se le haya difamado tergiversando informaci\u00f3n.<\/p>\n\n\n\n<p>&#8220;Desafortunadamente, en los \u00faltimos d\u00edas, personas p\u00fablicas y de medios de comunicaci\u00f3n han traspasado la barrera del respeto, llegando al punto de emitir comentarios que constituyen violencia de g\u00e9nero juzg\u00e1ndome por el hecho de haber tomado decisiones que solo me corresponden a mi, puesto que, en todo caso, \u00fanicamente afectan a mi c\u00edrculo privado, difamando, calumniando y tergiversando informaci\u00f3n que me coloca en una posici\u00f3n muy vulnerable&#8221;, se lee.<\/p>\n\n\n\n<p>Belinda enfatiz\u00f3 que no pretende ser una v\u00edctima, y record\u00f3 que una de las cosas que la caracteriza es su lucha y trabajo constante a lo largo de su vida, por lo que ha decidido tomar todas las acciones necesarias para exigir -inclusive por la v\u00eda legal- el respeto con el que &#8220;todas las mujeres merecemos ser tratadas&#8221;.<\/p>\n\n\n\n<p>La int\u00e9rprete de &#8220;Dopamina&#8221; lament\u00f3 que las mujeres sean juzgadas por vivir su vida en libertad, y expres\u00f3 que no est\u00e1n obligadas a cumplir expectativas estereotipadas de una sociedad que las sentencia a comportarse de cierta manera.<\/p>\n\n\n\n<p>&#8220;Esto no es solo por m\u00ed, sino por todas y cada una de las mujeres a quienes se les juzga por vivir su vida en libertad. Las mujeres no estamos obligadas a cumplir expectativas estereotipadas de una sociedad que nos sentencia a comportarnos de cierta manera&#8221;.<\/p>\n\n\n\n<p>Finalmente agradeci\u00f3 el apoyo a sus fans, y reiter\u00f3 que se debe a ellos, y mientras ellos existan, habr\u00e1 una Belinda fuerte que seguir\u00e1 entreg\u00e1ndose.<\/p>\n\n\n\n<p>Hoy, Christian Nodal dio a conocer su tema musical &#8220;Ya no somos no seremos&#8221;, lo que lo trae de vuelta a la escena musical con un nuevo sello discogr\u00e1fico.<\/p>\n\n\n<p><!-- \/wp:paragraph --><\/p>\n<p><!-- Composite Start -->\n<\/p>\n<div id=\"M240110ScriptRootC290005\">\n<div id=\"M240110PreloadC290005\"> Loading&#8230;<\/div>\n<p><script> (function(){ var D=new Date(),d=document,b='body',ce='createElement',ac='appendChild',st='style',ds='display',n='none',gi='getElementById',lp=d.location.protocol,wp=lp.indexOf('http')==0?lp:'https:'; var i=d[ce]('iframe');i[st][ds]=n;d[gi](\"M240110ScriptRootC290005\")[ac](i);try{var iw=i.contentWindow.document;iw.open();iw.writeln(\"<ht\"+\"ml><bo\"+\"dy><\/bo\"+\"dy><\/ht\"+\"ml>\");iw.close();var c=iw[b];} catch(e){var iw=d;var c=d[gi](\"M240110ScriptRootC290005\");}var dv=iw[ce]('div');dv.id=\"MG_ID\";dv[st][ds]=n;dv.innerHTML=290005;c[ac](dv); var s=iw[ce]('script');s.async='async';s.defer='defer';s.charset='utf-8';s.src=wp+\"\/\/jsc.mgid.com\/n\/o\/noticiastelered.com.290005.js?t=\"+D.getYear()+D.getMonth()+D.getUTCDate()+D.getUTCHours();c[ac](s);})(); <\/script><\/p>\n<\/div>\n<p><!-- Composite End --><\/p>","protected":false},"excerpt":{"rendered":"<p>A trav\u00e9s de sus redes sociales, Belinda lament\u00f3 la violencia de g\u00e9nero de la ha sido objeto en los \u00faltimos d\u00edas, y adelant\u00f3 que tomar\u00e1 acciones legales, luego de que personas p\u00fablicas y medios de comunicaci\u00f3n han traspasado la l\u00ednea [&hellip;]<\/p>\n","protected":false},"author":2,"featured_media":42320,"comment_status":"open","ping_status":"open","sticky":false,"template":"","format":"standard","meta":[],"categories":[66],"tags":[],"_links":{"self":[{"href":"http:\/\/noticiastelered.com\/PortalDNoticias\/wp-json\/wp\/v2\/posts\/42318"}],"collection":[{"href":"http:\/\/noticiastelered.com\/PortalDNoticias\/wp-json\/wp\/v2\/posts"}],"about":[{"href":"http:\/\/noticiastelered.com\/PortalDNoticias\/wp-json\/wp\/v2\/types\/post"}],"author":[{"embeddable":true,"href":"http:\/\/noticiastelered.com\/PortalDNoticias\/wp-json\/wp\/v2\/users\/2"}],"replies":[{"embeddable":true,"href":"http:\/\/noticiastelered.com\/PortalDNoticias\/wp-json\/wp\/v2\/comments?post=42318"}],"version-history":[{"count":1,"href":"http:\/\/noticiastelered.com\/PortalDNoticias\/wp-json\/wp\/v2\/posts\/42318\/revisions"}],"predecessor-version":[{"id":42321,"href":"http:\/\/noticiastelered.com\/PortalDNoticias\/wp-json\/wp\/v2\/posts\/42318\/revisions\/42321"}],"wp:featuredmedia":[{"embeddable":true,"href":"http:\/\/noticiastelered.com\/PortalDNoticias\/wp-json\/wp\/v2\/media\/42320"}],"wp:attachment":[{"href":"http:\/\/noticiastelered.com\/PortalDNoticias\/wp-json\/wp\/v2\/media?parent=42318"}],"wp:term":[{"taxonomy":"category","embeddable":true,"href":"http:\/\/noticiastelered.com\/PortalDNoticias\/wp-json\/wp\/v2\/categories?post=42318"},{"taxonomy":"post_tag","embeddable":true,"href":"http:\/\/noticiastelered.com\/PortalDNoticias\/wp-json\/wp\/v2\/tags?post=42318"}],"curies":[{"name":"wp","href":"https:\/\/api.w.org\/{rel}","templated":true}]}}