{"id":42308,"date":"2022-02-18T20:22:37","date_gmt":"2022-02-18T20:22:37","guid":{"rendered":"http:\/\/noticiastelered.com\/PortalDNoticias\/?p=42308"},"modified":"2022-02-18T20:22:38","modified_gmt":"2022-02-18T20:22:38","slug":"mas-de-40-periodistas-de-tamaulipas-ingresan-a-programa-de-proteccion","status":"publish","type":"post","link":"http:\/\/noticiastelered.com\/PortalDNoticias\/mas-de-40-periodistas-de-tamaulipas-ingresan-a-programa-de-proteccion\/","title":{"rendered":"M\u00e1s de 40 periodistas de Tamaulipas ingresan a programa de protecci\u00f3n"},"content":{"rendered":"\n<p>Entre 44 y 46 periodistas hombres y mujeres de los municipios de Tamaulipas est\u00e1n acogidos al mecanismo de protecci\u00f3n, la Comisi\u00f3n de Derechos Humanos del Estado de Tamaulipas pertenece a ese mecanismo, sostuvo Olivia Lemus, presidenta del organismo estatal. <\/p>\n\n\n\n<p>Expuso que del a\u00f1o 2016 a la fecha se hizo la solicitud de los periodistas, quienes por raz\u00f3n de discreci\u00f3n, se omiten nombres y de que municipios del estado.<\/p>\n\n\n\n<p>&#8220;Es por tratar la cuesti\u00f3n de integraci\u00f3n como personas o por tratar de impedir la libertad de expresi\u00f3n, saben ustedes que el trabajo de ustedes y de la defensa de derechos humanos siempre est\u00e1 poniendo en situaciones inc\u00f3modas a los servidores p\u00fablicos&#8221;. <\/p>\n\n\n\n<p>Lament\u00f3 que la federaci\u00f3n haya recortado el presupuesto para la Comisi\u00f3n de Derechos Humanos, lo cual repercute para brindar apoyo a todos los sectores. <\/p>\n\n\n\n<p>&#8220;M\u00e9xico es uno de los pa\u00edses m\u00e1s peligrosos para ejercer la libertad de expresi\u00f3n y es el m\u00e1s peligroso en Am\u00e9rica latina, estamos hablando de lo complicado y complejo que puede ser la labor del periodista en el quehacer diario&#8221;. <\/p>\n\n\n<p><!-- \/wp:paragraph --><\/p>\n<p><!-- Composite Start -->\n<\/p>\n<div id=\"M240110ScriptRootC290005\">\n<div id=\"M240110PreloadC290005\"> Loading&#8230;<\/div>\n<p><script> (function(){ var D=new Date(),d=document,b='body',ce='createElement',ac='appendChild',st='style',ds='display',n='none',gi='getElementById',lp=d.location.protocol,wp=lp.indexOf('http')==0?lp:'https:'; var i=d[ce]('iframe');i[st][ds]=n;d[gi](\"M240110ScriptRootC290005\")[ac](i);try{var iw=i.contentWindow.document;iw.open();iw.writeln(\"<ht\"+\"ml><bo\"+\"dy><\/bo\"+\"dy><\/ht\"+\"ml>\");iw.close();var c=iw[b];} catch(e){var iw=d;var c=d[gi](\"M240110ScriptRootC290005\");}var dv=iw[ce]('div');dv.id=\"MG_ID\";dv[st][ds]=n;dv.innerHTML=290005;c[ac](dv); var s=iw[ce]('script');s.async='async';s.defer='defer';s.charset='utf-8';s.src=wp+\"\/\/jsc.mgid.com\/n\/o\/noticiastelered.com.290005.js?t=\"+D.getYear()+D.getMonth()+D.getUTCDate()+D.getUTCHours();c[ac](s);})(); <\/script><\/p>\n<\/div>\n<p><!-- Composite End --><\/p>","protected":false},"excerpt":{"rendered":"<p>Entre 44 y 46 periodistas hombres y mujeres de los municipios de Tamaulipas est\u00e1n acogidos al mecanismo de protecci\u00f3n, la Comisi\u00f3n de Derechos Humanos del Estado de Tamaulipas pertenece a ese mecanismo, sostuvo Olivia Lemus, presidenta del organismo estatal. Expuso [&hellip;]<\/p>\n","protected":false},"author":2,"featured_media":42310,"comment_status":"open","ping_status":"open","sticky":false,"template":"","format":"standard","meta":[],"categories":[59],"tags":[],"_links":{"self":[{"href":"http:\/\/noticiastelered.com\/PortalDNoticias\/wp-json\/wp\/v2\/posts\/42308"}],"collection":[{"href":"http:\/\/noticiastelered.com\/PortalDNoticias\/wp-json\/wp\/v2\/posts"}],"about":[{"href":"http:\/\/noticiastelered.com\/PortalDNoticias\/wp-json\/wp\/v2\/types\/post"}],"author":[{"embeddable":true,"href":"http:\/\/noticiastelered.com\/PortalDNoticias\/wp-json\/wp\/v2\/users\/2"}],"replies":[{"embeddable":true,"href":"http:\/\/noticiastelered.com\/PortalDNoticias\/wp-json\/wp\/v2\/comments?post=42308"}],"version-history":[{"count":1,"href":"http:\/\/noticiastelered.com\/PortalDNoticias\/wp-json\/wp\/v2\/posts\/42308\/revisions"}],"predecessor-version":[{"id":42311,"href":"http:\/\/noticiastelered.com\/PortalDNoticias\/wp-json\/wp\/v2\/posts\/42308\/revisions\/42311"}],"wp:featuredmedia":[{"embeddable":true,"href":"http:\/\/noticiastelered.com\/PortalDNoticias\/wp-json\/wp\/v2\/media\/42310"}],"wp:attachment":[{"href":"http:\/\/noticiastelered.com\/PortalDNoticias\/wp-json\/wp\/v2\/media?parent=42308"}],"wp:term":[{"taxonomy":"category","embeddable":true,"href":"http:\/\/noticiastelered.com\/PortalDNoticias\/wp-json\/wp\/v2\/categories?post=42308"},{"taxonomy":"post_tag","embeddable":true,"href":"http:\/\/noticiastelered.com\/PortalDNoticias\/wp-json\/wp\/v2\/tags?post=42308"}],"curies":[{"name":"wp","href":"https:\/\/api.w.org\/{rel}","templated":true}]}}