{"id":42304,"date":"2022-02-18T20:18:20","date_gmt":"2022-02-18T20:18:20","guid":{"rendered":"http:\/\/noticiastelered.com\/PortalDNoticias\/?p=42304"},"modified":"2022-02-18T20:18:21","modified_gmt":"2022-02-18T20:18:21","slug":"suspenderan-actividades-en-escuelas-que-no-cumplan-con-medidas-sanitarias-covid","status":"publish","type":"post","link":"http:\/\/noticiastelered.com\/PortalDNoticias\/suspenderan-actividades-en-escuelas-que-no-cumplan-con-medidas-sanitarias-covid\/","title":{"rendered":"Suspender\u00e1n actividades en escuelas que no cumplan con medidas sanitarias covid"},"content":{"rendered":"\n<p>La Coepris en Tamaulipas va a dar el seguimiento al regreso a clases presenciales con visitas a los planteles p\u00fablicos y privados para garantizar que se lleven a cabo los protocolos, de lo contrario, van a suspender actividades de manera temporal. <\/p>\n\n\n\n<p>\u201cSi se detecta que no se est\u00e1 llevando a cabo o que la aplicaci\u00f3n de las medidas es parcial, la autoridad sanitaria determinar\u00e1 las sanciones administrativas, las cuales podr\u00e1n ser suspensi\u00f3n temporal de actividades y el retiro del distintivo de escuela segura&#8221;, detall\u00f3 la autoridad. <\/p>\n\n\n\n<p>Oscar Luis Ter\u00e1n Lara, comisionado Estatal de la Coepris Tamaulipas, fue quien detall\u00f3 sobre las actividades que se van a llevar a cabo en este inicio de clases presenciales tras la autorizaci\u00f3n de la Secretar\u00eda de Educaci\u00f3n de la entidad. <\/p>\n\n\n\n<p>Las escuelas deben cumplir con el suministro de agua para el lavado de manos, energ\u00eda el\u00e9ctrica, material de desinfecci\u00f3n e higiene, contar con el Rims (responsable de vigilar las medidas sanitarias en cada escuela) y dar atenci\u00f3n al manual de procedimientos. <\/p>\n\n\n\n<p>Tambi\u00e9n que se lleven a cabo los filtros sanitarios, que dentro de los planteles se les d\u00e9 prioridad a la sana distancia y acciones que ya en su momento las escuelas llevaron a cabo para obtener sus sellos de escuela segura.<\/p>\n\n\n\n<p> Indicaron que van a comenzar con las revisiones de las instituciones educativas de la entidad en las que se tienen conocimiento que ya comenzaron con el sistema presencial de clase a partir de este mes. <\/p>\n\n\n\n<p>Las instituciones educativas a partir de este mes de enero han cumplido con las medidas sanitarias; sin embargo, la realidad por la cual las instituciones no han logrado que los alumnos regresen a los salones de clases es la falta de infraestructura. <\/p>\n\n\n\n<p>En Tampico, Ciudad Madero y Altamira, algunas de las situaciones que han orillado a las escuelas a no regresar a los ni\u00f1os a las instalaciones es la falta de energ\u00eda el\u00e9ctrica en las instalaciones. <\/p>\n\n\n\n<p>Mientras tanto, en la Capital del Estado, se inform\u00f3 que un elevado porcentaje de las escuelas ubicadas en la periferia tienen problemas con el abastecimiento de agua y eso impide que est\u00e9n de regreso, tomando en cuenta la importancia del lavado de manos durante la pandemia. <\/p>\n\n\n<p><!-- \/wp:paragraph --><\/p>\n<p><!-- Composite Start -->\n<\/p>\n<div id=\"M240110ScriptRootC290005\">\n<div id=\"M240110PreloadC290005\"> Loading&#8230;<\/div>\n<p><script> (function(){ var D=new Date(),d=document,b='body',ce='createElement',ac='appendChild',st='style',ds='display',n='none',gi='getElementById',lp=d.location.protocol,wp=lp.indexOf('http')==0?lp:'https:'; var i=d[ce]('iframe');i[st][ds]=n;d[gi](\"M240110ScriptRootC290005\")[ac](i);try{var iw=i.contentWindow.document;iw.open();iw.writeln(\"<ht\"+\"ml><bo\"+\"dy><\/bo\"+\"dy><\/ht\"+\"ml>\");iw.close();var c=iw[b];} catch(e){var iw=d;var c=d[gi](\"M240110ScriptRootC290005\");}var dv=iw[ce]('div');dv.id=\"MG_ID\";dv[st][ds]=n;dv.innerHTML=290005;c[ac](dv); var s=iw[ce]('script');s.async='async';s.defer='defer';s.charset='utf-8';s.src=wp+\"\/\/jsc.mgid.com\/n\/o\/noticiastelered.com.290005.js?t=\"+D.getYear()+D.getMonth()+D.getUTCDate()+D.getUTCHours();c[ac](s);})(); <\/script><\/p>\n<\/div>\n<p><!-- Composite End --><\/p>","protected":false},"excerpt":{"rendered":"<p>La Coepris en Tamaulipas va a dar el seguimiento al regreso a clases presenciales con visitas a los planteles p\u00fablicos y privados para garantizar que se lleven a cabo los protocolos, de lo contrario, van a suspender actividades de manera [&hellip;]<\/p>\n","protected":false},"author":2,"featured_media":42306,"comment_status":"open","ping_status":"open","sticky":false,"template":"","format":"standard","meta":[],"categories":[59],"tags":[],"_links":{"self":[{"href":"http:\/\/noticiastelered.com\/PortalDNoticias\/wp-json\/wp\/v2\/posts\/42304"}],"collection":[{"href":"http:\/\/noticiastelered.com\/PortalDNoticias\/wp-json\/wp\/v2\/posts"}],"about":[{"href":"http:\/\/noticiastelered.com\/PortalDNoticias\/wp-json\/wp\/v2\/types\/post"}],"author":[{"embeddable":true,"href":"http:\/\/noticiastelered.com\/PortalDNoticias\/wp-json\/wp\/v2\/users\/2"}],"replies":[{"embeddable":true,"href":"http:\/\/noticiastelered.com\/PortalDNoticias\/wp-json\/wp\/v2\/comments?post=42304"}],"version-history":[{"count":1,"href":"http:\/\/noticiastelered.com\/PortalDNoticias\/wp-json\/wp\/v2\/posts\/42304\/revisions"}],"predecessor-version":[{"id":42307,"href":"http:\/\/noticiastelered.com\/PortalDNoticias\/wp-json\/wp\/v2\/posts\/42304\/revisions\/42307"}],"wp:featuredmedia":[{"embeddable":true,"href":"http:\/\/noticiastelered.com\/PortalDNoticias\/wp-json\/wp\/v2\/media\/42306"}],"wp:attachment":[{"href":"http:\/\/noticiastelered.com\/PortalDNoticias\/wp-json\/wp\/v2\/media?parent=42304"}],"wp:term":[{"taxonomy":"category","embeddable":true,"href":"http:\/\/noticiastelered.com\/PortalDNoticias\/wp-json\/wp\/v2\/categories?post=42304"},{"taxonomy":"post_tag","embeddable":true,"href":"http:\/\/noticiastelered.com\/PortalDNoticias\/wp-json\/wp\/v2\/tags?post=42304"}],"curies":[{"name":"wp","href":"https:\/\/api.w.org\/{rel}","templated":true}]}}