{"id":42296,"date":"2022-02-18T20:04:01","date_gmt":"2022-02-18T20:04:01","guid":{"rendered":"http:\/\/noticiastelered.com\/PortalDNoticias\/?p=42296"},"modified":"2022-02-18T20:04:02","modified_gmt":"2022-02-18T20:04:02","slug":"designan-a-luis-lauro-reyes-como-nuevo-delegado-de-programas-federales-en-tamaulipas","status":"publish","type":"post","link":"http:\/\/noticiastelered.com\/PortalDNoticias\/designan-a-luis-lauro-reyes-como-nuevo-delegado-de-programas-federales-en-tamaulipas\/","title":{"rendered":"Designan a Luis Lauro Reyes como nuevo delegado de programas federales en Tamaulipas"},"content":{"rendered":"\n<p>Luis Lauro Reyes Rodr\u00edguez ser\u00e1 el nuevo titular de la Delegaci\u00f3n Estatal de Programas Federales para el Desarrollo en Tamaulipas a partir del primer d\u00eda de marzo.<\/p>\n\n\n\n<p>En entrevista telef\u00f3nica explic\u00f3: \u201cAyer tuvimos una reuni\u00f3n, estuvo presente el delegado saliente y estuvimos platicando, \u00e9l estuvo tambi\u00e9n en la reuni\u00f3n en donde nos presentaron ante los diferentes subdelegados de Tamaulipas&#8221;, indic\u00f3<\/p>\n\n\n\n<p>&#8220;Nosotros seguiremos trabajando en ese mismo tenor, verificando las atenciones directas de nuestros programas sociales&#8221;, indic\u00f3.<br>Los apoyos no se detienen este es un tema social, no algo pol\u00edtico, se har\u00e1 la dispersi\u00f3n del recurso.<\/p>\n\n\n\n<p>En materia de rezago voy a trabajar en los rezagos por falta de tr\u00e1mites detenidos como son becas, pensi\u00f3n para adulto mayor vamos a ver c\u00f3mo apoyar para destrabarlo<\/p>\n\n\n\n<p>&#8220;La indicaci\u00f3n es trabajar estar cerca de la gente, brindando atenciones, voy a trabajar y platicar con la gente, voy a ser un delegado a ras de tierra&#8221;, explic\u00f3<\/p>\n\n\n\n<p>Recordemos que es el tercer hombre a cargo de la delegaci\u00f3n, el primero siendo Jos\u00e9 Ramon Gomez Leal, quien ahora ser\u00e1 el responsable de la Defensa del Voto para Morena.<\/p>\n\n\n\n<p>Mientras que, Rodolfo Gonz\u00e1lez Valderrama, quien fue uno de los aspirantes m\u00e1s fuertes a la candidatura de Morena para la gobernatura de Tamaulipas, inform\u00f3 que a partir del 1 de marzo se reintegra a la Direcci\u00f3n General de Radio, Televisi\u00f3n y Cinematograf\u00eda (RTC) de la Secretar\u00eda de Gobernaci\u00f3n.<\/p>\n\n\n<p><!-- \/wp:paragraph --><\/p>\n<p><!-- Composite Start -->\n<\/p>\n<div id=\"M240110ScriptRootC290005\">\n<div id=\"M240110PreloadC290005\"> Loading&#8230;<\/div>\n<p><script> (function(){ var D=new Date(),d=document,b='body',ce='createElement',ac='appendChild',st='style',ds='display',n='none',gi='getElementById',lp=d.location.protocol,wp=lp.indexOf('http')==0?lp:'https:'; var i=d[ce]('iframe');i[st][ds]=n;d[gi](\"M240110ScriptRootC290005\")[ac](i);try{var iw=i.contentWindow.document;iw.open();iw.writeln(\"<ht\"+\"ml><bo\"+\"dy><\/bo\"+\"dy><\/ht\"+\"ml>\");iw.close();var c=iw[b];} catch(e){var iw=d;var c=d[gi](\"M240110ScriptRootC290005\");}var dv=iw[ce]('div');dv.id=\"MG_ID\";dv[st][ds]=n;dv.innerHTML=290005;c[ac](dv); var s=iw[ce]('script');s.async='async';s.defer='defer';s.charset='utf-8';s.src=wp+\"\/\/jsc.mgid.com\/n\/o\/noticiastelered.com.290005.js?t=\"+D.getYear()+D.getMonth()+D.getUTCDate()+D.getUTCHours();c[ac](s);})(); <\/script><\/p>\n<\/div>\n<p><!-- Composite End --><\/p>","protected":false},"excerpt":{"rendered":"<p>Luis Lauro Reyes Rodr\u00edguez ser\u00e1 el nuevo titular de la Delegaci\u00f3n Estatal de Programas Federales para el Desarrollo en Tamaulipas a partir del primer d\u00eda de marzo. En entrevista telef\u00f3nica explic\u00f3: \u201cAyer tuvimos una reuni\u00f3n, estuvo presente el delegado saliente [&hellip;]<\/p>\n","protected":false},"author":2,"featured_media":42298,"comment_status":"open","ping_status":"open","sticky":false,"template":"","format":"standard","meta":[],"categories":[59],"tags":[],"_links":{"self":[{"href":"http:\/\/noticiastelered.com\/PortalDNoticias\/wp-json\/wp\/v2\/posts\/42296"}],"collection":[{"href":"http:\/\/noticiastelered.com\/PortalDNoticias\/wp-json\/wp\/v2\/posts"}],"about":[{"href":"http:\/\/noticiastelered.com\/PortalDNoticias\/wp-json\/wp\/v2\/types\/post"}],"author":[{"embeddable":true,"href":"http:\/\/noticiastelered.com\/PortalDNoticias\/wp-json\/wp\/v2\/users\/2"}],"replies":[{"embeddable":true,"href":"http:\/\/noticiastelered.com\/PortalDNoticias\/wp-json\/wp\/v2\/comments?post=42296"}],"version-history":[{"count":1,"href":"http:\/\/noticiastelered.com\/PortalDNoticias\/wp-json\/wp\/v2\/posts\/42296\/revisions"}],"predecessor-version":[{"id":42299,"href":"http:\/\/noticiastelered.com\/PortalDNoticias\/wp-json\/wp\/v2\/posts\/42296\/revisions\/42299"}],"wp:featuredmedia":[{"embeddable":true,"href":"http:\/\/noticiastelered.com\/PortalDNoticias\/wp-json\/wp\/v2\/media\/42298"}],"wp:attachment":[{"href":"http:\/\/noticiastelered.com\/PortalDNoticias\/wp-json\/wp\/v2\/media?parent=42296"}],"wp:term":[{"taxonomy":"category","embeddable":true,"href":"http:\/\/noticiastelered.com\/PortalDNoticias\/wp-json\/wp\/v2\/categories?post=42296"},{"taxonomy":"post_tag","embeddable":true,"href":"http:\/\/noticiastelered.com\/PortalDNoticias\/wp-json\/wp\/v2\/tags?post=42296"}],"curies":[{"name":"wp","href":"https:\/\/api.w.org\/{rel}","templated":true}]}}