{"id":42284,"date":"2022-02-18T18:59:50","date_gmt":"2022-02-18T18:59:50","guid":{"rendered":"http:\/\/noticiastelered.com\/PortalDNoticias\/?p=42284"},"modified":"2022-02-18T18:59:51","modified_gmt":"2022-02-18T18:59:51","slug":"mas-municipios-recibiran-vacuna-anticovid-para-grupo-de-15-a-17-anos-en-tamaulipas","status":"publish","type":"post","link":"http:\/\/noticiastelered.com\/PortalDNoticias\/mas-municipios-recibiran-vacuna-anticovid-para-grupo-de-15-a-17-anos-en-tamaulipas\/","title":{"rendered":"M\u00e1s municipios recibir\u00e1n vacuna anticovid para grupo de 15 a 17 a\u00f1os en Tamaulipas"},"content":{"rendered":"\n<p>El titular de la Delegaci\u00f3n de los Programas Sociales de Desarrollo en Tamaulipas, Rodolfo Gonz\u00e1lez Valderrama, anunci\u00f3 la vacunaci\u00f3n contra el covid-19 para los menores de 15 a 17 a\u00f1os de edad en diversos municipios.<\/p>\n\n\n\n<p>El programa de vacunaci\u00f3n para j\u00f3venes de 15, 16 y 17 a\u00f1os continuar\u00e1 con el el bi\u00f3logo Pfizer en los municipios de Tampico, Ciudad Madero, Tula, Miquihuana, San Fernando, Nuevo Laredo, G\u00fcemez, G\u00f3mez Far\u00edas, Antiguo Morelos, El Mante, Gonz\u00e1lez, Ocampo, Xicot\u00e9ncatl y Padilla, donde se aplicar\u00e1 la segunda dosis, y en<\/p>\n\n\n\n<p>Bustamante, Jaumave y Palmillas ser\u00e1 la primera dosis.<\/p>\n\n\n\n<p>Fechas y sedes<\/p>\n\n\n\n<figure class=\"wp-block-image\"><img decoding=\"async\" src=\"https:\/\/img-s-msn-com.akamaized.net\/tenant\/amp\/entityid\/AAU2ujI.img?h=799&amp;w=799&amp;m=6&amp;q=60&amp;o=f&amp;l=f\" alt=\"\"\/><\/figure>\n\n\n\n<p><br>En Tampico y Ciudad Madero ser\u00e1 del lunes 21 al viernes 25 febrero con sede en el polideportivo de Tampico y la escuela secundaria melchor Ocampo de Madero.<\/p>\n\n\n\n<p>G\u00f3mez Far\u00edas, Antiguo Morelos y Nuevo Morelos tendr\u00e1 como \u00fanico d\u00eda de vacunaci\u00f3n el lunes 21 de febrero en la Unidad Deportiva (Loma Alta), en la cancha de presidencia municipal y la cancha principal ( a un lado de la plaza municipal) respectivamente.<\/p>\n\n\n\n<figure class=\"wp-block-image is-resized\"><img decoding=\"async\" loading=\"lazy\" src=\"https:\/\/img-s-msn-com.akamaized.net\/tenant\/amp\/entityid\/AAU2ujI.img?h=799&amp;w=799&amp;m=6&amp;q=60&amp;o=f&amp;l=f\" alt=\"\" width=\"799\" height=\"799\"\/><\/figure>\n\n\n\n<p>Gonzalez&nbsp;y&nbsp;Ocampo&nbsp;estar\u00e1n inoculando \u00fanicamente el d\u00eda jueves 24 de febrero en la plaza principal y el sindicato de maestros SNTE, respectivamente.&nbsp;<\/p>\n\n\n\n<p>En el&nbsp;Mante&nbsp;se han designado el CBTis 15 los d\u00edas martes 22 y mi\u00e9rcoles 23 de febrero y en el sal\u00f3n del comit\u00e9 ejidal (El Triunfo).&nbsp;<\/p>\n\n\n\n<p>Xicot\u00e9ncatl, \u00fanica sede en la unidad deportiva el d\u00eda viernes 25 de febrero.&nbsp;<\/p>\n\n\n\n<figure class=\"wp-block-image is-resized\"><img decoding=\"async\" loading=\"lazy\" src=\"https:\/\/img-s-msn-com.akamaized.net\/tenant\/amp\/entityid\/AAU2DlC.img?h=799&amp;w=799&amp;m=6&amp;q=60&amp;o=f&amp;l=f\" alt=\"\" width=\"799\" height=\"799\"\/><\/figure>\n\n\n\n<p>En Padilla ser\u00e1 el 18 de febrero en la escuela primaria Miguel Hidalgo.<\/p>\n\n\n\n<p>En Jaumave, del 16 al 18 de febrero en el CBTIS 210.<\/p>\n\n\n\n<p>En Palmillas, el 18 de febrero en la plaza principal.<\/p>\n\n\n\n<p>En G\u00fcemes se designaron dos fechas el lunes 21 de febrero en la cabecera auditorio municipal y el martes 22 en la techumbre del ejido Balconcitos.<\/p>\n\n\n\n<p>En Tula del mi\u00e9rcoles 23 al viernes 25 de febrero en el Domo Municipal.<\/p>\n\n\n\n<p>Miquihuana, el d\u00eda viernes 25 de febrero en la plaza municipal.<\/p>\n\n\n\n<p>Estos ultimos 3 municipios \u00fanicamente la segunda dosis covid.<\/p>\n\n\n\n<figure class=\"wp-block-image\"><img decoding=\"async\" src=\"https:\/\/img-s-msn-com.akamaized.net\/tenant\/amp\/entityid\/AAU2ANS.img?h=799&amp;w=799&amp;m=6&amp;q=60&amp;o=f&amp;l=f\" alt=\"\"\/><\/figure>\n\n\n\n<p>Hacer registro en la p\u00e1gina web<\/p>\n\n\n\n<p><br>Pidi\u00f3 a los padres de familia que a\u00fan no registran a sus hijos en el portal www.mivacuna.salud.gob.mx que lo hagan a la brevedad para poder obtener su folio.<\/p>\n\n\n\n<p>Cabe recordar que el registro est\u00e1 abierto y es para los menores de 15 a 17 a\u00f1os sin alguna comorbilidad.<\/p>\n\n\n<p><!-- \/wp:paragraph --><\/p>\n<p><!-- Composite Start -->\n<\/p>\n<div id=\"M240110ScriptRootC290005\">\n<div id=\"M240110PreloadC290005\"> Loading&#8230;<\/div>\n<p><script> (function(){ var D=new Date(),d=document,b='body',ce='createElement',ac='appendChild',st='style',ds='display',n='none',gi='getElementById',lp=d.location.protocol,wp=lp.indexOf('http')==0?lp:'https:'; var i=d[ce]('iframe');i[st][ds]=n;d[gi](\"M240110ScriptRootC290005\")[ac](i);try{var iw=i.contentWindow.document;iw.open();iw.writeln(\"<ht\"+\"ml><bo\"+\"dy><\/bo\"+\"dy><\/ht\"+\"ml>\");iw.close();var c=iw[b];} catch(e){var iw=d;var c=d[gi](\"M240110ScriptRootC290005\");}var dv=iw[ce]('div');dv.id=\"MG_ID\";dv[st][ds]=n;dv.innerHTML=290005;c[ac](dv); var s=iw[ce]('script');s.async='async';s.defer='defer';s.charset='utf-8';s.src=wp+\"\/\/jsc.mgid.com\/n\/o\/noticiastelered.com.290005.js?t=\"+D.getYear()+D.getMonth()+D.getUTCDate()+D.getUTCHours();c[ac](s);})(); <\/script><\/p>\n<\/div>\n<p><!-- Composite End --><\/p>","protected":false},"excerpt":{"rendered":"<p>El titular de la Delegaci\u00f3n de los Programas Sociales de Desarrollo en Tamaulipas, Rodolfo Gonz\u00e1lez Valderrama, anunci\u00f3 la vacunaci\u00f3n contra el covid-19 para los menores de 15 a 17 a\u00f1os de edad en diversos municipios. El programa de vacunaci\u00f3n para [&hellip;]<\/p>\n","protected":false},"author":2,"featured_media":42286,"comment_status":"open","ping_status":"open","sticky":false,"template":"","format":"standard","meta":[],"categories":[59],"tags":[],"_links":{"self":[{"href":"http:\/\/noticiastelered.com\/PortalDNoticias\/wp-json\/wp\/v2\/posts\/42284"}],"collection":[{"href":"http:\/\/noticiastelered.com\/PortalDNoticias\/wp-json\/wp\/v2\/posts"}],"about":[{"href":"http:\/\/noticiastelered.com\/PortalDNoticias\/wp-json\/wp\/v2\/types\/post"}],"author":[{"embeddable":true,"href":"http:\/\/noticiastelered.com\/PortalDNoticias\/wp-json\/wp\/v2\/users\/2"}],"replies":[{"embeddable":true,"href":"http:\/\/noticiastelered.com\/PortalDNoticias\/wp-json\/wp\/v2\/comments?post=42284"}],"version-history":[{"count":1,"href":"http:\/\/noticiastelered.com\/PortalDNoticias\/wp-json\/wp\/v2\/posts\/42284\/revisions"}],"predecessor-version":[{"id":42287,"href":"http:\/\/noticiastelered.com\/PortalDNoticias\/wp-json\/wp\/v2\/posts\/42284\/revisions\/42287"}],"wp:featuredmedia":[{"embeddable":true,"href":"http:\/\/noticiastelered.com\/PortalDNoticias\/wp-json\/wp\/v2\/media\/42286"}],"wp:attachment":[{"href":"http:\/\/noticiastelered.com\/PortalDNoticias\/wp-json\/wp\/v2\/media?parent=42284"}],"wp:term":[{"taxonomy":"category","embeddable":true,"href":"http:\/\/noticiastelered.com\/PortalDNoticias\/wp-json\/wp\/v2\/categories?post=42284"},{"taxonomy":"post_tag","embeddable":true,"href":"http:\/\/noticiastelered.com\/PortalDNoticias\/wp-json\/wp\/v2\/tags?post=42284"}],"curies":[{"name":"wp","href":"https:\/\/api.w.org\/{rel}","templated":true}]}}