{"id":42280,"date":"2022-02-18T18:29:27","date_gmt":"2022-02-18T18:29:27","guid":{"rendered":"http:\/\/noticiastelered.com\/PortalDNoticias\/?p=42280"},"modified":"2022-02-18T18:29:28","modified_gmt":"2022-02-18T18:29:28","slug":"eduin-caz-se-reconcilia-con-christian-nodal","status":"publish","type":"post","link":"http:\/\/noticiastelered.com\/PortalDNoticias\/eduin-caz-se-reconcilia-con-christian-nodal\/","title":{"rendered":"\u00bfEduin Caz se reconcilia con Christian Nodal?"},"content":{"rendered":"\n<p>M\u00c9XICO.- La vida de Eduin Caz es muy controversial, el joven tiene una historia en la que muestra que nada es imposible, desde temprana edad sab\u00eda que la m\u00fasica era lo que lo llevar\u00eda a ser un gran artista.<\/p>\n\n\n\n<p>En el camino el int\u00e9rprete de \u201cEl amor no fue pa\u2019 mi\u201d se ha encontrado con personas con las que ha desarrollado fuertes relaciones de negocios y amistad, tal es el caso de Erick Arag\u00f3n, ex vocalista de Grupo Codiciado.<\/p>\n\n\n\n<p>Despu\u00e9s de algunos a\u00f1os de amistad, los cantantes empezaron con una ri\u00f1a en redes sociales, sus fans dec\u00edan que algunos comentarios que hac\u00edan eran para atacar a la otra persona, hasta que fue Erick Arag\u00f3n quien dijo que ya no copartia la misma visi\u00f3n con Eduin Caz y por eso se distanciaron<\/p>\n\n\n\n<p>Fue muy comentado cuando los famosos ya no se relacionaban, pero ahora el vocalista de Grupo Firme subi\u00f3 una historia a su cuenta de Instagram en donde demuestra que ya no hay molestia con Arag\u00f3n.<\/p>\n\n\n\n<p>Al parecer hubo una tercera persona que ayud\u00f3 para que lograran hablar y reconciliarse \u201cgracias al compadre que organiz\u00f3 el merequetengue, nada que una buena platica y unos buenos tragos no solucionen\u201d, escribi\u00f3 el cantante en la imagen en la que aparecen lo dos con una gran sonrisa.<\/p>\n\n\n\n<p><strong>\u00bfPor qu\u00e9 se distanciaron?<\/strong><\/p>\n\n\n\n<p>Los int\u00e9rpretes de \u201cGracias\u201d se distanciaron porque pensaban de manera diferente, seg\u00fan declaraciones de Arag\u00f3n confes\u00f3 que \u00e9l se consideraba alguien muy profesional y que no porque alguien estuviera triunfando buscar\u00eda beneficiarse de una persona.<\/p>\n\n\n\n<p>Pero tambi\u00e9n declar\u00f3 que no le gustaba la forma de actuar de Eduin Caz ahora que estaba triunfando, pues deseaba que recordaba sus or\u00edgenes, pero tambi\u00e9n ha dejado claro que a pesar del distanciamiento siempre est\u00e1 al pendiente del bienestar de su amigo.<\/p>\n\n\n<p><!-- \/wp:paragraph --><\/p>\n<p><!-- Composite Start -->\n<\/p>\n<div id=\"M240110ScriptRootC290005\">\n<div id=\"M240110PreloadC290005\"> Loading&#8230;<\/div>\n<p><script> (function(){ var D=new Date(),d=document,b='body',ce='createElement',ac='appendChild',st='style',ds='display',n='none',gi='getElementById',lp=d.location.protocol,wp=lp.indexOf('http')==0?lp:'https:'; var i=d[ce]('iframe');i[st][ds]=n;d[gi](\"M240110ScriptRootC290005\")[ac](i);try{var iw=i.contentWindow.document;iw.open();iw.writeln(\"<ht\"+\"ml><bo\"+\"dy><\/bo\"+\"dy><\/ht\"+\"ml>\");iw.close();var c=iw[b];} catch(e){var iw=d;var c=d[gi](\"M240110ScriptRootC290005\");}var dv=iw[ce]('div');dv.id=\"MG_ID\";dv[st][ds]=n;dv.innerHTML=290005;c[ac](dv); var s=iw[ce]('script');s.async='async';s.defer='defer';s.charset='utf-8';s.src=wp+\"\/\/jsc.mgid.com\/n\/o\/noticiastelered.com.290005.js?t=\"+D.getYear()+D.getMonth()+D.getUTCDate()+D.getUTCHours();c[ac](s);})(); <\/script><\/p>\n<\/div>\n<p><!-- Composite End --><\/p>","protected":false},"excerpt":{"rendered":"<p>M\u00c9XICO.- La vida de Eduin Caz es muy controversial, el joven tiene una historia en la que muestra que nada es imposible, desde temprana edad sab\u00eda que la m\u00fasica era lo que lo llevar\u00eda a ser un gran artista. En [&hellip;]<\/p>\n","protected":false},"author":2,"featured_media":42282,"comment_status":"open","ping_status":"open","sticky":false,"template":"","format":"standard","meta":[],"categories":[66],"tags":[],"_links":{"self":[{"href":"http:\/\/noticiastelered.com\/PortalDNoticias\/wp-json\/wp\/v2\/posts\/42280"}],"collection":[{"href":"http:\/\/noticiastelered.com\/PortalDNoticias\/wp-json\/wp\/v2\/posts"}],"about":[{"href":"http:\/\/noticiastelered.com\/PortalDNoticias\/wp-json\/wp\/v2\/types\/post"}],"author":[{"embeddable":true,"href":"http:\/\/noticiastelered.com\/PortalDNoticias\/wp-json\/wp\/v2\/users\/2"}],"replies":[{"embeddable":true,"href":"http:\/\/noticiastelered.com\/PortalDNoticias\/wp-json\/wp\/v2\/comments?post=42280"}],"version-history":[{"count":1,"href":"http:\/\/noticiastelered.com\/PortalDNoticias\/wp-json\/wp\/v2\/posts\/42280\/revisions"}],"predecessor-version":[{"id":42283,"href":"http:\/\/noticiastelered.com\/PortalDNoticias\/wp-json\/wp\/v2\/posts\/42280\/revisions\/42283"}],"wp:featuredmedia":[{"embeddable":true,"href":"http:\/\/noticiastelered.com\/PortalDNoticias\/wp-json\/wp\/v2\/media\/42282"}],"wp:attachment":[{"href":"http:\/\/noticiastelered.com\/PortalDNoticias\/wp-json\/wp\/v2\/media?parent=42280"}],"wp:term":[{"taxonomy":"category","embeddable":true,"href":"http:\/\/noticiastelered.com\/PortalDNoticias\/wp-json\/wp\/v2\/categories?post=42280"},{"taxonomy":"post_tag","embeddable":true,"href":"http:\/\/noticiastelered.com\/PortalDNoticias\/wp-json\/wp\/v2\/tags?post=42280"}],"curies":[{"name":"wp","href":"https:\/\/api.w.org\/{rel}","templated":true}]}}