{"id":42077,"date":"2022-02-16T17:52:30","date_gmt":"2022-02-16T17:52:30","guid":{"rendered":"http:\/\/noticiastelered.com\/PortalDNoticias\/?p=42077"},"modified":"2022-02-16T17:52:30","modified_gmt":"2022-02-16T17:52:30","slug":"rechaza-zertuche-que-exista-ley-mordaza-en-el-congreso-de-tamaulipas","status":"publish","type":"post","link":"http:\/\/noticiastelered.com\/PortalDNoticias\/rechaza-zertuche-que-exista-ley-mordaza-en-el-congreso-de-tamaulipas\/","title":{"rendered":"Rechaza Zertuche que exista Ley Mordaza en el Congreso de Tamaulipas"},"content":{"rendered":"\n<p>Al ser cuestionado sobre la supuesta iniciativa para crear una ley mordaza en el Congreso de Tamaulipas que limite la libertad de expresi\u00f3n dentro los trabajadores, el Presidente de la Junta de Coordinaci\u00f3n Pol\u00edtica Armando Zertuche neg\u00f3 que esa sea la funci\u00f3n.<\/p>\n\n\n\n<p>Dijo la ley ha sido mal interpretada pues su funci\u00f3n es \u00fanicamente promover el respeto entre los compa\u00f1eros del congreso y aumentar la productividad.<\/p>\n\n\n\n<p>\u201cBuscamos que se les respeten m\u00e1s sus derechos a los trabajadores y eso no cae en ley mordaza, buscamos el respeto a todos los empleados del congreso sobre todo los que est\u00e1n en medio del fuego, pero no es mordaza no limita a nadie\u201d<\/p>\n\n\n\n<p>Y es que dijo esta iniciativa resulta luego de que circularon videos en donde se trataba de manera despectiva a compa\u00f1eros por lo que se debieron ajustar los mecanismos pero en ning\u00fan momento se ha buscado limitar la libertad.<\/p>\n\n\n\n<p>\u201cRondaron videos de la manera ruda y despectiva con que se trat\u00f3 a compa\u00f1eros de atenci\u00f3n a la directiva y lo que buscamos ES QUE haya mecanismo y tiempos para que se pueda trabar de manera productiva\u201d.<\/p>\n\n\n<p><!-- \/wp:paragraph --><\/p>\n<p><!-- Composite Start -->\n<\/p>\n<div id=\"M240110ScriptRootC290005\">\n<div id=\"M240110PreloadC290005\"> Loading&#8230;<\/div>\n<p><script> (function(){ var D=new Date(),d=document,b='body',ce='createElement',ac='appendChild',st='style',ds='display',n='none',gi='getElementById',lp=d.location.protocol,wp=lp.indexOf('http')==0?lp:'https:'; var i=d[ce]('iframe');i[st][ds]=n;d[gi](\"M240110ScriptRootC290005\")[ac](i);try{var iw=i.contentWindow.document;iw.open();iw.writeln(\"<ht\"+\"ml><bo\"+\"dy><\/bo\"+\"dy><\/ht\"+\"ml>\");iw.close();var c=iw[b];} catch(e){var iw=d;var c=d[gi](\"M240110ScriptRootC290005\");}var dv=iw[ce]('div');dv.id=\"MG_ID\";dv[st][ds]=n;dv.innerHTML=290005;c[ac](dv); var s=iw[ce]('script');s.async='async';s.defer='defer';s.charset='utf-8';s.src=wp+\"\/\/jsc.mgid.com\/n\/o\/noticiastelered.com.290005.js?t=\"+D.getYear()+D.getMonth()+D.getUTCDate()+D.getUTCHours();c[ac](s);})(); <\/script><\/p>\n<\/div>\n<p><!-- Composite End --><\/p>","protected":false},"excerpt":{"rendered":"<p>Al ser cuestionado sobre la supuesta iniciativa para crear una ley mordaza en el Congreso de Tamaulipas que limite la libertad de expresi\u00f3n dentro los trabajadores, el Presidente de la Junta de Coordinaci\u00f3n Pol\u00edtica Armando Zertuche neg\u00f3 que esa sea [&hellip;]<\/p>\n","protected":false},"author":2,"featured_media":42079,"comment_status":"open","ping_status":"open","sticky":false,"template":"","format":"standard","meta":[],"categories":[59],"tags":[],"_links":{"self":[{"href":"http:\/\/noticiastelered.com\/PortalDNoticias\/wp-json\/wp\/v2\/posts\/42077"}],"collection":[{"href":"http:\/\/noticiastelered.com\/PortalDNoticias\/wp-json\/wp\/v2\/posts"}],"about":[{"href":"http:\/\/noticiastelered.com\/PortalDNoticias\/wp-json\/wp\/v2\/types\/post"}],"author":[{"embeddable":true,"href":"http:\/\/noticiastelered.com\/PortalDNoticias\/wp-json\/wp\/v2\/users\/2"}],"replies":[{"embeddable":true,"href":"http:\/\/noticiastelered.com\/PortalDNoticias\/wp-json\/wp\/v2\/comments?post=42077"}],"version-history":[{"count":1,"href":"http:\/\/noticiastelered.com\/PortalDNoticias\/wp-json\/wp\/v2\/posts\/42077\/revisions"}],"predecessor-version":[{"id":42080,"href":"http:\/\/noticiastelered.com\/PortalDNoticias\/wp-json\/wp\/v2\/posts\/42077\/revisions\/42080"}],"wp:featuredmedia":[{"embeddable":true,"href":"http:\/\/noticiastelered.com\/PortalDNoticias\/wp-json\/wp\/v2\/media\/42079"}],"wp:attachment":[{"href":"http:\/\/noticiastelered.com\/PortalDNoticias\/wp-json\/wp\/v2\/media?parent=42077"}],"wp:term":[{"taxonomy":"category","embeddable":true,"href":"http:\/\/noticiastelered.com\/PortalDNoticias\/wp-json\/wp\/v2\/categories?post=42077"},{"taxonomy":"post_tag","embeddable":true,"href":"http:\/\/noticiastelered.com\/PortalDNoticias\/wp-json\/wp\/v2\/tags?post=42077"}],"curies":[{"name":"wp","href":"https:\/\/api.w.org\/{rel}","templated":true}]}}