{"id":42073,"date":"2022-02-16T17:23:58","date_gmt":"2022-02-16T17:23:58","guid":{"rendered":"http:\/\/noticiastelered.com\/PortalDNoticias\/?p=42073"},"modified":"2022-02-16T17:23:58","modified_gmt":"2022-02-16T17:23:58","slug":"privatizacion-de-playa-miramar-y-la-pesca-en-la-mira-del-congreso","status":"publish","type":"post","link":"http:\/\/noticiastelered.com\/PortalDNoticias\/privatizacion-de-playa-miramar-y-la-pesca-en-la-mira-del-congreso\/","title":{"rendered":"Privatizaci\u00f3n de Playa Miramar y La Pesca, en la mira del Congreso"},"content":{"rendered":"\n<p>Ciudad Victoria, Tam.- La privatizaci\u00f3n de dos de las playas m\u00e1s importantes de Tamaulipas, se \u201csubi\u00f3\u201d a la agenda de la 65 Legislatura del Congreso Local.<\/p>\n\n\n\n<p>En los pr\u00f3ximos d\u00edas, integrantes de la legislatura recibir\u00e1n a un grupo de inconformes con la expropiaci\u00f3n de Playa La Pesca.<\/p>\n\n\n\n<p>El Presidente de la Junta de Coordinaci\u00f3n Pol\u00edtica, Armando Zertuche, dijo que, analizar\u00e1n la fundamentaci\u00f3n de sus quejas, para decidir si es factible respaldar su lucha.<\/p>\n\n\n\n<p>\u201cTenemos el compromiso, de recibir a algunos grupos de personas que est\u00e1n inconformes con esta circunstancia y llegando ellos aqu\u00ed, con la fundamentaci\u00f3n que nos den, ser\u00e1 que tomemos de decisi\u00f3n de apoyar\u201d.<\/p>\n\n\n\n<p><strong>PRIVATIZACI\u00d3N DEBE SER TRANSPARENTE: GUSTAVO<br><\/strong>El Presidente de la Comisi\u00f3n de Turismo en el Congreso, Gustavo C\u00e1rdenas, dijo que el proceso de enajenaci\u00f3n de terrenos en Playa Miramar y La Pesca se debe transparentar.<\/p>\n\n\n\n<p>Se debe conocer dijo, \u00bfCu\u00e1les son las empresas que compraron?, \u00bfen qu\u00e9 consisten los proyectos a ejecutar? y el monto de las inversiones.<\/p>\n\n\n\n<p>\u201cQuiero revisar el decreto, se hizo en la legislatura 64 y ah\u00ed es donde tenemos que ver d\u00f3nde est\u00e1 el truco\u201d.<\/p>\n\n\n\n<p>Insisti\u00f3 en que en el proceso de privatizaci\u00f3n de la playa Miramar y La Pesca, se debe saber cu\u00e1les son los beneficiarios y quienes van a estar al frente de esta inversi\u00f3n.<\/p>\n\n\n\n<p>\u201cLo \u00fanico que busco es que se haga transparente, no tengo ning\u00fan inter\u00e9s pol\u00edtico, ni inter\u00e9s econ\u00f3mico para estar ah\u00ed haci\u00e9ndole la vida imposible a gente que a lo mejor, pueden estar trabajando por el beneficio y por el crecimiento del estado y de la regi\u00f3n\u201d.<\/p>\n\n\n\n<p>Habl\u00f3 de la necesidad de realizar una junta con la Comisi\u00f3n de Turismo, para que el responsable de las licitaciones, acuda a presentar el proyecto.<\/p>\n\n\n\n<p>\u201cQue se vea de una manera transparente para apoyarlo, ser\u00e9 el primero en apoyar que se genere empleo, que tengamos los lugares para visitar, porque eso se traduce en generaci\u00f3n de empleo\u201d.<\/p>\n\n\n\n<p><strong>QUE SE RESULEVA EN LO JUDICIAL: PAN<br><\/strong>La vocal de la Comisi\u00f3n de Turismo, del congreso de Tamaulipas, Liliana \u00c1lvarez Lara, se pronunci\u00f3 en favor de las mesas de di\u00e1logos con los pobladores de La Pesca y desarrolladores, pero pidi\u00f3 que no se politice el tema.<\/p>\n\n\n\n<p>\u201cEl crecimiento se estanca por falta de recursos\u201d por ello dijo, ahora que hay la oportunidad de que inversionistas le entren a potencializar el desarrollo tur\u00edstico hay que aprovecharlo y tener en cuenta que las premisas deben ser:<\/p>\n\n\n\n<p>Que la gente, es decir quienes viv\u00edan en la zona y quienes viven en los alrededores, quede conformes y que se cuide el ecosistema del lugar y el medio ambiente.<\/p>\n\n\n\n<p>\u201cEsto se va a resolver en lo judicial, esto ya avanz\u00f3 ya est\u00e1 en otra instancia, si se requiere el dialogo lo hacemos, con mucho gusto, pero insisto, que no se politice porque a veces son situaciones que se mal informan, se busca el beneficio de todos y eso es lo que queremos\u201d.<\/p>\n\n\n\n<p><strong>PRIVATIZACI\u00d3N DE LA PLAYA ES LEGAL: MON<br><\/strong>El diputado local Mon Mar\u00f3n Manzur, quien form\u00f3 parte de la 64 legislatura, donde se autorizaron tanto la expropiaci\u00f3n de la Pesca, como la licitaci\u00f3n de Miramar, asegura que todo se hizo apegado a derecho.<\/p>\n\n\n\n<p>\u201cLas cosas se hicieron de manera legal, correcta, no se atropell\u00f3 el derecho de ning\u00fan tamaulipeco\u201d, esto en relaci\u00f3n a la privatizaci\u00f3n de Playa La Pesca.<\/p>\n\n\n\n<p>Dijo que Tamaulipas requiere en este momento que llegue inversi\u00f3n tanto local como extranjera para que, de esta manera, tengan desarrollos de calidad en ambas zonas y se genere reactivaci\u00f3n econ\u00f3mica.<\/p>\n\n\n\n<p>\u201cVan a ayudar a detonar polos tur\u00edsticos que van a jalar a personas de distintos estados del pa\u00eds, para que puedan venir a pasar momentos agradables, pero, sobre todo, a gastar en nuestro estado, pagar hoteles, taxis, pasar momentos en familia, que al final de cuentas le dejan a la sociedad tamaulipeca derrama econ\u00f3mica\u201d.<\/p>\n\n\n<p><!-- \/wp:paragraph --><\/p>\n<p><!-- Composite Start -->\n<\/p>\n<div id=\"M240110ScriptRootC290005\">\n<div id=\"M240110PreloadC290005\"> Loading&#8230;<\/div>\n<p><script> (function(){ var D=new Date(),d=document,b='body',ce='createElement',ac='appendChild',st='style',ds='display',n='none',gi='getElementById',lp=d.location.protocol,wp=lp.indexOf('http')==0?lp:'https:'; var i=d[ce]('iframe');i[st][ds]=n;d[gi](\"M240110ScriptRootC290005\")[ac](i);try{var iw=i.contentWindow.document;iw.open();iw.writeln(\"<ht\"+\"ml><bo\"+\"dy><\/bo\"+\"dy><\/ht\"+\"ml>\");iw.close();var c=iw[b];} catch(e){var iw=d;var c=d[gi](\"M240110ScriptRootC290005\");}var dv=iw[ce]('div');dv.id=\"MG_ID\";dv[st][ds]=n;dv.innerHTML=290005;c[ac](dv); var s=iw[ce]('script');s.async='async';s.defer='defer';s.charset='utf-8';s.src=wp+\"\/\/jsc.mgid.com\/n\/o\/noticiastelered.com.290005.js?t=\"+D.getYear()+D.getMonth()+D.getUTCDate()+D.getUTCHours();c[ac](s);})(); <\/script><\/p>\n<\/div>\n<p><!-- Composite End --><\/p>","protected":false},"excerpt":{"rendered":"<p>Ciudad Victoria, Tam.- La privatizaci\u00f3n de dos de las playas m\u00e1s importantes de Tamaulipas, se \u201csubi\u00f3\u201d a la agenda de la 65 Legislatura del Congreso Local. En los pr\u00f3ximos d\u00edas, integrantes de la legislatura recibir\u00e1n a un grupo de inconformes [&hellip;]<\/p>\n","protected":false},"author":2,"featured_media":42075,"comment_status":"open","ping_status":"open","sticky":false,"template":"","format":"standard","meta":[],"categories":[59],"tags":[],"_links":{"self":[{"href":"http:\/\/noticiastelered.com\/PortalDNoticias\/wp-json\/wp\/v2\/posts\/42073"}],"collection":[{"href":"http:\/\/noticiastelered.com\/PortalDNoticias\/wp-json\/wp\/v2\/posts"}],"about":[{"href":"http:\/\/noticiastelered.com\/PortalDNoticias\/wp-json\/wp\/v2\/types\/post"}],"author":[{"embeddable":true,"href":"http:\/\/noticiastelered.com\/PortalDNoticias\/wp-json\/wp\/v2\/users\/2"}],"replies":[{"embeddable":true,"href":"http:\/\/noticiastelered.com\/PortalDNoticias\/wp-json\/wp\/v2\/comments?post=42073"}],"version-history":[{"count":1,"href":"http:\/\/noticiastelered.com\/PortalDNoticias\/wp-json\/wp\/v2\/posts\/42073\/revisions"}],"predecessor-version":[{"id":42076,"href":"http:\/\/noticiastelered.com\/PortalDNoticias\/wp-json\/wp\/v2\/posts\/42073\/revisions\/42076"}],"wp:featuredmedia":[{"embeddable":true,"href":"http:\/\/noticiastelered.com\/PortalDNoticias\/wp-json\/wp\/v2\/media\/42075"}],"wp:attachment":[{"href":"http:\/\/noticiastelered.com\/PortalDNoticias\/wp-json\/wp\/v2\/media?parent=42073"}],"wp:term":[{"taxonomy":"category","embeddable":true,"href":"http:\/\/noticiastelered.com\/PortalDNoticias\/wp-json\/wp\/v2\/categories?post=42073"},{"taxonomy":"post_tag","embeddable":true,"href":"http:\/\/noticiastelered.com\/PortalDNoticias\/wp-json\/wp\/v2\/tags?post=42073"}],"curies":[{"name":"wp","href":"https:\/\/api.w.org\/{rel}","templated":true}]}}