{"id":41888,"date":"2022-02-14T17:39:54","date_gmt":"2022-02-14T17:39:54","guid":{"rendered":"http:\/\/noticiastelered.com\/PortalDNoticias\/?p=41888"},"modified":"2022-02-14T17:39:55","modified_gmt":"2022-02-14T17:39:55","slug":"se-percibe-notable-baja-de-contagios-en-tamaulipas-pero-no-en-los-decesos","status":"publish","type":"post","link":"http:\/\/noticiastelered.com\/PortalDNoticias\/se-percibe-notable-baja-de-contagios-en-tamaulipas-pero-no-en-los-decesos\/","title":{"rendered":"Se percibe notable baja de contagios en Tamaulipas pero no en los decesos"},"content":{"rendered":"\n<p>Ciudad Victoria, Tamaulipas.- Aunque los casos de COVID-19 han registrado un descenso gradual durante los \u00faltimos d\u00edas, la Secretar\u00eda de Salud de Tamaulipas exhort\u00f3 a la ciudadan\u00eda a evitar exponer a los m\u00e1s vulnerables y limitar el contacto social.<\/p>\n\n\n\n<p>Al presentar el balance oficial de la pandemia, la dependencia confirm\u00f3 160 nuevos contagios y 14 v\u00edctimas mortales asociadas a complicaciones graves por el virus, por lo que pidi\u00f3 mantener el control de enfermedades como obesidad, hipertensi\u00f3n y diabetes.<\/p>\n\n\n\n<p>Hizo un llamado a no confiarse ni relajar las medidas de prevenci\u00f3n universales como el uso del cubrebocas en todos los espacios p\u00fablicos, el lavado frecuente de manos, respetar la sana distancia, completar el esquema de vacunaci\u00f3n anticovid y evitar movilizaciones no esenciales para cortar la cadena de transmisi\u00f3n de la enfermedad.<\/p>\n\n\n<p><!-- \/wp:paragraph --><\/p>\n<p><!-- Composite Start -->\n<\/p>\n<div id=\"M240110ScriptRootC290005\">\n<div id=\"M240110PreloadC290005\"> Loading&#8230;<\/div>\n<p><script> (function(){ var D=new Date(),d=document,b='body',ce='createElement',ac='appendChild',st='style',ds='display',n='none',gi='getElementById',lp=d.location.protocol,wp=lp.indexOf('http')==0?lp:'https:'; var i=d[ce]('iframe');i[st][ds]=n;d[gi](\"M240110ScriptRootC290005\")[ac](i);try{var iw=i.contentWindow.document;iw.open();iw.writeln(\"<ht\"+\"ml><bo\"+\"dy><\/bo\"+\"dy><\/ht\"+\"ml>\");iw.close();var c=iw[b];} catch(e){var iw=d;var c=d[gi](\"M240110ScriptRootC290005\");}var dv=iw[ce]('div');dv.id=\"MG_ID\";dv[st][ds]=n;dv.innerHTML=290005;c[ac](dv); var s=iw[ce]('script');s.async='async';s.defer='defer';s.charset='utf-8';s.src=wp+\"\/\/jsc.mgid.com\/n\/o\/noticiastelered.com.290005.js?t=\"+D.getYear()+D.getMonth()+D.getUTCDate()+D.getUTCHours();c[ac](s);})(); <\/script><\/p>\n<\/div>\n<p><!-- Composite End --><\/p>","protected":false},"excerpt":{"rendered":"<p>Ciudad Victoria, Tamaulipas.- Aunque los casos de COVID-19 han registrado un descenso gradual durante los \u00faltimos d\u00edas, la Secretar\u00eda de Salud de Tamaulipas exhort\u00f3 a la ciudadan\u00eda a evitar exponer a los m\u00e1s vulnerables y limitar el contacto social. Al [&hellip;]<\/p>\n","protected":false},"author":2,"featured_media":41890,"comment_status":"open","ping_status":"open","sticky":false,"template":"","format":"standard","meta":[],"categories":[59],"tags":[],"_links":{"self":[{"href":"http:\/\/noticiastelered.com\/PortalDNoticias\/wp-json\/wp\/v2\/posts\/41888"}],"collection":[{"href":"http:\/\/noticiastelered.com\/PortalDNoticias\/wp-json\/wp\/v2\/posts"}],"about":[{"href":"http:\/\/noticiastelered.com\/PortalDNoticias\/wp-json\/wp\/v2\/types\/post"}],"author":[{"embeddable":true,"href":"http:\/\/noticiastelered.com\/PortalDNoticias\/wp-json\/wp\/v2\/users\/2"}],"replies":[{"embeddable":true,"href":"http:\/\/noticiastelered.com\/PortalDNoticias\/wp-json\/wp\/v2\/comments?post=41888"}],"version-history":[{"count":1,"href":"http:\/\/noticiastelered.com\/PortalDNoticias\/wp-json\/wp\/v2\/posts\/41888\/revisions"}],"predecessor-version":[{"id":41891,"href":"http:\/\/noticiastelered.com\/PortalDNoticias\/wp-json\/wp\/v2\/posts\/41888\/revisions\/41891"}],"wp:featuredmedia":[{"embeddable":true,"href":"http:\/\/noticiastelered.com\/PortalDNoticias\/wp-json\/wp\/v2\/media\/41890"}],"wp:attachment":[{"href":"http:\/\/noticiastelered.com\/PortalDNoticias\/wp-json\/wp\/v2\/media?parent=41888"}],"wp:term":[{"taxonomy":"category","embeddable":true,"href":"http:\/\/noticiastelered.com\/PortalDNoticias\/wp-json\/wp\/v2\/categories?post=41888"},{"taxonomy":"post_tag","embeddable":true,"href":"http:\/\/noticiastelered.com\/PortalDNoticias\/wp-json\/wp\/v2\/tags?post=41888"}],"curies":[{"name":"wp","href":"https:\/\/api.w.org\/{rel}","templated":true}]}}