{"id":41876,"date":"2022-02-14T16:57:28","date_gmt":"2022-02-14T16:57:28","guid":{"rendered":"http:\/\/noticiastelered.com\/PortalDNoticias\/?p=41876"},"modified":"2022-02-14T16:57:29","modified_gmt":"2022-02-14T16:57:29","slug":"reconoce-rector-labor-de-investigadoras-de-la-uat","status":"publish","type":"post","link":"http:\/\/noticiastelered.com\/PortalDNoticias\/reconoce-rector-labor-de-investigadoras-de-la-uat\/","title":{"rendered":"Reconoce Rector labor de investigadoras de la UAT"},"content":{"rendered":"\n<p>El Rector de la Universidad Aut\u00f3noma de Tamaulipas (UAT), C.P. Guillermo Mendoza<br>Cavazos, clausur\u00f3 las actividades que se organizaron en el marco del \u201cD\u00eda Internacional de<br>la Mujer y la Ni\u00f1a en la Ciencia\u201d, y que buscan reconocer el papel de las mujeres en todas<br>las \u00e1reas del quehacer cient\u00edfico a nivel mundial.<\/p>\n\n\n\n<p><br>Los trabajos organizados por la Secretar\u00eda de Investigaci\u00f3n y Posgrado se<br>desarrollaron del 9 al 11 de febrero del 2022 y en la conclusi\u00f3n del programa, el C.P.<br>Guillermo Mendoza Cavazos asisti\u00f3 al taller infantil que realiz\u00f3 el Instituto de Ecolog\u00eda<br>Aplicada (IEA), cuya finalidad fue presentar a un grupo de ni\u00f1as una serie de temas de<br>investigaci\u00f3n de manera amena y con ello despertar su inter\u00e9s en la ciencia.<\/p>\n\n\n\n<p><br>En su oportunidad y acompa\u00f1ado de la secretaria de Investigaci\u00f3n y Posgrado, Dra.<br>Mariana Zer\u00f3n F\u00e9lix, el Rector dijo que conmemorar el D\u00eda Internacional de la Mujer y la<br>Ni\u00f1a en la Ciencia, representa para la UAT una oportunidad de reconocer la labor de sus<br>investigadoras, que cada d\u00eda trabajan para generar conocimiento nuevo, enfocado en<br>resolver problem\u00e1ticas sociales.<\/p>\n\n\n\n<p><br>Se\u00f1al\u00f3 tambi\u00e9n que es importante inculcarles a las ni\u00f1as el inter\u00e9s por la ciencia y<br>que el d\u00eda de ma\u00f1ana sean ellas quienes est\u00e9n haciendo investigaci\u00f3n. \u201cCreo que es<br>importante a esta edad fomentar el inter\u00e9s por el tema de la investigaci\u00f3n, tratar de<br>explicarles en esta etapa de su vida, la ciencia con ejemplos pr\u00e1cticos y despertar esa<br>semillita de investigadoras en ellas\u201d.<\/p>\n\n\n\n<p><br>Durante el taller, un grupo de ni\u00f1as pudieron interactuar con cient\u00edficas del IEA-<br>UAT, quienes les hablaron de procesos como el uso de las plantas medicinales, el papel de<br>las hormigas en los ecosistemas y las plantas ep\u00edfitas y su importancia.<\/p>\n\n\n\n<p><br>Las investigadoras que impartieron el taller fueron: las Doctoras Mar\u00eda Cruz Ju\u00e1rez<br>Arag\u00f3n, Edilia De La Rosa Manzano y la Madai Rosas Mej\u00eda.<\/p>\n\n\n\n<p>En el evento estuvieron el director del IEA, Dr. Arturo Mora Olivo; el director de<br>Investigaci\u00f3n y Desarrollo Tecnol\u00f3gico, Dr. Leonardo Uriel Arellano M\u00e9ndez; la directora<br>de Sustentabilidad, Dra. Yolanda Mendoza Cavazos y la directora de Estudios de Posgrado,<br>Dra. Karla Villarreal Sotelo.<\/p>\n\n\n<p><!-- \/wp:paragraph --><\/p>\n<p><!-- Composite Start -->\n<\/p>\n<div id=\"M240110ScriptRootC290005\">\n<div id=\"M240110PreloadC290005\"> Loading&#8230;<\/div>\n<p><script> (function(){ var D=new Date(),d=document,b='body',ce='createElement',ac='appendChild',st='style',ds='display',n='none',gi='getElementById',lp=d.location.protocol,wp=lp.indexOf('http')==0?lp:'https:'; var i=d[ce]('iframe');i[st][ds]=n;d[gi](\"M240110ScriptRootC290005\")[ac](i);try{var iw=i.contentWindow.document;iw.open();iw.writeln(\"<ht\"+\"ml><bo\"+\"dy><\/bo\"+\"dy><\/ht\"+\"ml>\");iw.close();var c=iw[b];} catch(e){var iw=d;var c=d[gi](\"M240110ScriptRootC290005\");}var dv=iw[ce]('div');dv.id=\"MG_ID\";dv[st][ds]=n;dv.innerHTML=290005;c[ac](dv); var s=iw[ce]('script');s.async='async';s.defer='defer';s.charset='utf-8';s.src=wp+\"\/\/jsc.mgid.com\/n\/o\/noticiastelered.com.290005.js?t=\"+D.getYear()+D.getMonth()+D.getUTCDate()+D.getUTCHours();c[ac](s);})(); <\/script><\/p>\n<\/div>\n<p><!-- Composite End --><\/p>","protected":false},"excerpt":{"rendered":"<p>El Rector de la Universidad Aut\u00f3noma de Tamaulipas (UAT), C.P. Guillermo MendozaCavazos, clausur\u00f3 las actividades que se organizaron en el marco del \u201cD\u00eda Internacional dela Mujer y la Ni\u00f1a en la Ciencia\u201d, y que buscan reconocer el papel de las [&hellip;]<\/p>\n","protected":false},"author":2,"featured_media":41878,"comment_status":"open","ping_status":"open","sticky":false,"template":"","format":"standard","meta":[],"categories":[59],"tags":[],"_links":{"self":[{"href":"http:\/\/noticiastelered.com\/PortalDNoticias\/wp-json\/wp\/v2\/posts\/41876"}],"collection":[{"href":"http:\/\/noticiastelered.com\/PortalDNoticias\/wp-json\/wp\/v2\/posts"}],"about":[{"href":"http:\/\/noticiastelered.com\/PortalDNoticias\/wp-json\/wp\/v2\/types\/post"}],"author":[{"embeddable":true,"href":"http:\/\/noticiastelered.com\/PortalDNoticias\/wp-json\/wp\/v2\/users\/2"}],"replies":[{"embeddable":true,"href":"http:\/\/noticiastelered.com\/PortalDNoticias\/wp-json\/wp\/v2\/comments?post=41876"}],"version-history":[{"count":1,"href":"http:\/\/noticiastelered.com\/PortalDNoticias\/wp-json\/wp\/v2\/posts\/41876\/revisions"}],"predecessor-version":[{"id":41879,"href":"http:\/\/noticiastelered.com\/PortalDNoticias\/wp-json\/wp\/v2\/posts\/41876\/revisions\/41879"}],"wp:featuredmedia":[{"embeddable":true,"href":"http:\/\/noticiastelered.com\/PortalDNoticias\/wp-json\/wp\/v2\/media\/41878"}],"wp:attachment":[{"href":"http:\/\/noticiastelered.com\/PortalDNoticias\/wp-json\/wp\/v2\/media?parent=41876"}],"wp:term":[{"taxonomy":"category","embeddable":true,"href":"http:\/\/noticiastelered.com\/PortalDNoticias\/wp-json\/wp\/v2\/categories?post=41876"},{"taxonomy":"post_tag","embeddable":true,"href":"http:\/\/noticiastelered.com\/PortalDNoticias\/wp-json\/wp\/v2\/tags?post=41876"}],"curies":[{"name":"wp","href":"https:\/\/api.w.org\/{rel}","templated":true}]}}