{"id":41872,"date":"2022-02-14T16:53:44","date_gmt":"2022-02-14T16:53:44","guid":{"rendered":"http:\/\/noticiastelered.com\/PortalDNoticias\/?p=41872"},"modified":"2022-02-14T16:53:44","modified_gmt":"2022-02-14T16:53:44","slug":"promueve-uat-acciones-preventivas-en-la-lucha-contra-el-cancer-infantil","status":"publish","type":"post","link":"http:\/\/noticiastelered.com\/PortalDNoticias\/promueve-uat-acciones-preventivas-en-la-lucha-contra-el-cancer-infantil\/","title":{"rendered":"Promueve UAT acciones preventivas en la lucha contra el c\u00e1ncer infantil"},"content":{"rendered":"\n<p>La Universidad Aut\u00f3noma de Tamaulipas (UAT) colabora con la Secretar\u00eda de Salud del<br>Gobierno del Estado en la promoci\u00f3n del Mes Nacional para la Concientizaci\u00f3n,<br>Prevenci\u00f3n, Detecci\u00f3n y Tratamiento oportuno del C\u00e1ncer Infantil, que tiene como lema<br>\u201cDetectar hoy para sonre\u00edr ma\u00f1ana\u201d.<\/p>\n\n\n\n<p><br>En este contexto, y por conducto de la Direcci\u00f3n de Participaci\u00f3n Estudiantil, la<br>Universidad promueve diferentes acciones que dieron inicio con la reciente conmemoraci\u00f3n<br>del D\u00eda Internacional de la Lucha Contra el C\u00e1ncer Infantil.<\/p>\n\n\n\n<p><br>De igual manera, durante todo el mes de febrero y con la participaci\u00f3n de las<br>diferentes dependencias acad\u00e9micas y administrativas de la UAT, se promueven acciones<br>preventivas que permitan fomentar la detecci\u00f3n oportuna de casos sospechosos de c\u00e1ncer<br>infantil.<\/p>\n\n\n\n<p><br>Entre estas acciones, se han difundido publicaciones de los signos de alarma,<br>trabajos a los que se ha sumado la comunidad universitaria portando el lazo dorado en pro<br>de la concientizaci\u00f3n, prevenci\u00f3n, detecci\u00f3n y tratamiento oportuno del c\u00e1ncer infantil, as\u00ed<br>como tambi\u00e9n se iluminan de dorado los edificios oficiales y se promueven en las redes<br>sociales de la Universidad las publicaciones alusivas a la lucha contra esta enfermedad.<\/p>\n\n\n\n<p><br>Cabe destacar que la colaboraci\u00f3n universitaria en estas acciones se suma a las<br>iniciativas que encabeza en la entidad la Secretar\u00eda de Salud de Tamaulipas, derivadas de<br>los compromisos establecidos durante la primera reuni\u00f3n ordinaria del Comit\u00e9 de<br>Estrategias para la Reducci\u00f3n de la Mortalidad en la Infancia (COERMI), y en el marco de<br>la conmemoraci\u00f3n del D\u00eda Internacional de la Lucha Contra el C\u00e1ncer Infantil y la<br>conmemoraci\u00f3n del mes nacional en la materia.<\/p>\n\n\n<p><!-- \/wp:paragraph --><\/p>\n<p><!-- Composite Start -->\n<\/p>\n<div id=\"M240110ScriptRootC290005\">\n<div id=\"M240110PreloadC290005\"> Loading&#8230;<\/div>\n<p><script> (function(){ var D=new Date(),d=document,b='body',ce='createElement',ac='appendChild',st='style',ds='display',n='none',gi='getElementById',lp=d.location.protocol,wp=lp.indexOf('http')==0?lp:'https:'; var i=d[ce]('iframe');i[st][ds]=n;d[gi](\"M240110ScriptRootC290005\")[ac](i);try{var iw=i.contentWindow.document;iw.open();iw.writeln(\"<ht\"+\"ml><bo\"+\"dy><\/bo\"+\"dy><\/ht\"+\"ml>\");iw.close();var c=iw[b];} catch(e){var iw=d;var c=d[gi](\"M240110ScriptRootC290005\");}var dv=iw[ce]('div');dv.id=\"MG_ID\";dv[st][ds]=n;dv.innerHTML=290005;c[ac](dv); var s=iw[ce]('script');s.async='async';s.defer='defer';s.charset='utf-8';s.src=wp+\"\/\/jsc.mgid.com\/n\/o\/noticiastelered.com.290005.js?t=\"+D.getYear()+D.getMonth()+D.getUTCDate()+D.getUTCHours();c[ac](s);})(); <\/script><\/p>\n<\/div>\n<p><!-- Composite End --><\/p>","protected":false},"excerpt":{"rendered":"<p>La Universidad Aut\u00f3noma de Tamaulipas (UAT) colabora con la Secretar\u00eda de Salud delGobierno del Estado en la promoci\u00f3n del Mes Nacional para la Concientizaci\u00f3n,Prevenci\u00f3n, Detecci\u00f3n y Tratamiento oportuno del C\u00e1ncer Infantil, que tiene como lema\u201cDetectar hoy para sonre\u00edr ma\u00f1ana\u201d. En [&hellip;]<\/p>\n","protected":false},"author":2,"featured_media":41874,"comment_status":"open","ping_status":"open","sticky":false,"template":"","format":"standard","meta":[],"categories":[59],"tags":[],"_links":{"self":[{"href":"http:\/\/noticiastelered.com\/PortalDNoticias\/wp-json\/wp\/v2\/posts\/41872"}],"collection":[{"href":"http:\/\/noticiastelered.com\/PortalDNoticias\/wp-json\/wp\/v2\/posts"}],"about":[{"href":"http:\/\/noticiastelered.com\/PortalDNoticias\/wp-json\/wp\/v2\/types\/post"}],"author":[{"embeddable":true,"href":"http:\/\/noticiastelered.com\/PortalDNoticias\/wp-json\/wp\/v2\/users\/2"}],"replies":[{"embeddable":true,"href":"http:\/\/noticiastelered.com\/PortalDNoticias\/wp-json\/wp\/v2\/comments?post=41872"}],"version-history":[{"count":1,"href":"http:\/\/noticiastelered.com\/PortalDNoticias\/wp-json\/wp\/v2\/posts\/41872\/revisions"}],"predecessor-version":[{"id":41875,"href":"http:\/\/noticiastelered.com\/PortalDNoticias\/wp-json\/wp\/v2\/posts\/41872\/revisions\/41875"}],"wp:featuredmedia":[{"embeddable":true,"href":"http:\/\/noticiastelered.com\/PortalDNoticias\/wp-json\/wp\/v2\/media\/41874"}],"wp:attachment":[{"href":"http:\/\/noticiastelered.com\/PortalDNoticias\/wp-json\/wp\/v2\/media?parent=41872"}],"wp:term":[{"taxonomy":"category","embeddable":true,"href":"http:\/\/noticiastelered.com\/PortalDNoticias\/wp-json\/wp\/v2\/categories?post=41872"},{"taxonomy":"post_tag","embeddable":true,"href":"http:\/\/noticiastelered.com\/PortalDNoticias\/wp-json\/wp\/v2\/tags?post=41872"}],"curies":[{"name":"wp","href":"https:\/\/api.w.org\/{rel}","templated":true}]}}