{"id":41864,"date":"2022-02-14T16:40:46","date_gmt":"2022-02-14T16:40:46","guid":{"rendered":"http:\/\/noticiastelered.com\/PortalDNoticias\/?p=41864"},"modified":"2022-02-14T16:40:46","modified_gmt":"2022-02-14T16:40:46","slug":"fortalece-uat-la-gestion-institucional-acreditada-por-el-copaes","status":"publish","type":"post","link":"http:\/\/noticiastelered.com\/PortalDNoticias\/fortalece-uat-la-gestion-institucional-acreditada-por-el-copaes\/","title":{"rendered":"Fortalece UAT la gesti\u00f3n institucional acreditada por el COPAES"},"content":{"rendered":"\n<p>El C.P. Guillermo Mendoza Cavazos, Rector de la Universidad Aut\u00f3noma de Tamaulipas<br>(UAT), presidi\u00f3 con el gabinete de la administraci\u00f3n central, los trabajos en seguimiento a<br>la mejora continua de la Gesti\u00f3n Institucional, cuyo proceso est\u00e1 reconocido por el Consejo<br>para la Acreditaci\u00f3n de la Educaci\u00f3n Superior (COPAES).<\/p>\n\n\n\n<p><br>En la reuni\u00f3n efectuada en el Centro de Excelencia del Campus Victoria, con la<br>asistencia de titulares de las diferentes secretar\u00edas de la Rector\u00eda, el C.P. Mendoza Cavazos<br>dio la bienvenida a la Dra. Olga Hern\u00e1ndez Lim\u00f3n, Coordinadora de Vinculaci\u00f3n del<br>COPAES, quien particip\u00f3 por videoconferencia con la exposici\u00f3n de las observaciones de<br>este organismo para el mejoramiento de la calidad de la gesti\u00f3n institucional.<\/p>\n\n\n\n<p><br>En este contexto, el Rector destac\u00f3 la importancia de contar con las herramientas de<br>evaluaci\u00f3n, observaciones y recomendaciones del COPAES, organismo que acredit\u00f3 en el<br>2021 la gesti\u00f3n institucional de la Universidad.<\/p>\n\n\n\n<p><br>Se\u00f1al\u00f3 que este ejercicio permitir\u00e1 hacer un plan de acci\u00f3n para el mejoramiento y<br>vigencia de esta acreditaci\u00f3n, y que de igual manera, contribuye a enriquecer la integraci\u00f3n<br>del Plan de Desarrollo Institucional para la gesti\u00f3n rectoral 2022-2025.<\/p>\n\n\n\n<p><br>Apunt\u00f3 la importancia de abordar en este proceso los nuevos desaf\u00edos que son clave<br>en el futuro de la educaci\u00f3n superior, en temas como la inclusi\u00f3n, la equidad, la<br>sustentabilidad y sostenibilidad, la responsabilidad social, la innovaci\u00f3n de la ense\u00f1anza, la<br>educaci\u00f3n h\u00edbrida, entre otros.<\/p>\n\n\n\n<p><br>\u201cEstas recomendaciones vienen a impactar esos conceptos. Estamos trabajando en<br>una nueva estructura, en un nuevo Plan de Desarrollo Institucional y en revisar toda nuestra<br>normatividad, y creo que es valioso el documento para poder complementarlo y<br>enriquecerlo, con esta nueva filosof\u00eda y etapa de la educaci\u00f3n superior a nivel nacional\u201d,<br>concluy\u00f3 el Rector.<\/p>\n\n\n\n<p><br>Durante la exposici\u00f3n, por parte del COPAES, la Dra. Olga Hern\u00e1ndez Lim\u00f3n<br>destac\u00f3 la importancia de retomar este trabajo derivado de la acreditaci\u00f3n, por el inicio de<br>la presente administraci\u00f3n rectoral que encabeza el C.P. Guillermo Mendoza Cavazos.<\/p>\n\n\n\n<p>Hablo de los retos que la pandemia ha dejado a la educaci\u00f3n superior, entre estos,<br>las oportunidades de colaboraci\u00f3n y la educaci\u00f3n virtual hibrida, como nuevas estrategias<br>que emergen.<\/p>\n\n\n\n<p><br>En otros aspectos, detall\u00f3 que al 2050 la educaci\u00f3n superior visualiza temas clave<br>como son, el acceso educativo universal e inclusivo y la educaci\u00f3n h\u00edbrida como un modelo<br>para aumentar el acceso; la educaci\u00f3n centrada en el estudiante y sostenible en diferentes<br>dimensiones; la organizaci\u00f3n del conocimiento en diferentes modalidades para asegurar el<br>aprendizaje; en promover la investigaci\u00f3n e innovaci\u00f3n retomando el pensamiento cr\u00edtico; y<br>las conexiones de una educaci\u00f3n superior que est\u00e9 vinculada con la sociedad para atender<br>sus problemas.<\/p>\n\n\n<p><!-- \/wp:paragraph --><\/p>\n<p><!-- Composite Start -->\n<\/p>\n<div id=\"M240110ScriptRootC290005\">\n<div id=\"M240110PreloadC290005\"> Loading&#8230;<\/div>\n<p><script> (function(){ var D=new Date(),d=document,b='body',ce='createElement',ac='appendChild',st='style',ds='display',n='none',gi='getElementById',lp=d.location.protocol,wp=lp.indexOf('http')==0?lp:'https:'; var i=d[ce]('iframe');i[st][ds]=n;d[gi](\"M240110ScriptRootC290005\")[ac](i);try{var iw=i.contentWindow.document;iw.open();iw.writeln(\"<ht\"+\"ml><bo\"+\"dy><\/bo\"+\"dy><\/ht\"+\"ml>\");iw.close();var c=iw[b];} catch(e){var iw=d;var c=d[gi](\"M240110ScriptRootC290005\");}var dv=iw[ce]('div');dv.id=\"MG_ID\";dv[st][ds]=n;dv.innerHTML=290005;c[ac](dv); var s=iw[ce]('script');s.async='async';s.defer='defer';s.charset='utf-8';s.src=wp+\"\/\/jsc.mgid.com\/n\/o\/noticiastelered.com.290005.js?t=\"+D.getYear()+D.getMonth()+D.getUTCDate()+D.getUTCHours();c[ac](s);})(); <\/script><\/p>\n<\/div>\n<p><!-- Composite End --><\/p>","protected":false},"excerpt":{"rendered":"<p>El C.P. Guillermo Mendoza Cavazos, Rector de la Universidad Aut\u00f3noma de Tamaulipas(UAT), presidi\u00f3 con el gabinete de la administraci\u00f3n central, los trabajos en seguimiento ala mejora continua de la Gesti\u00f3n Institucional, cuyo proceso est\u00e1 reconocido por el Consejopara la Acreditaci\u00f3n [&hellip;]<\/p>\n","protected":false},"author":2,"featured_media":41866,"comment_status":"open","ping_status":"open","sticky":false,"template":"","format":"standard","meta":[],"categories":[59],"tags":[],"_links":{"self":[{"href":"http:\/\/noticiastelered.com\/PortalDNoticias\/wp-json\/wp\/v2\/posts\/41864"}],"collection":[{"href":"http:\/\/noticiastelered.com\/PortalDNoticias\/wp-json\/wp\/v2\/posts"}],"about":[{"href":"http:\/\/noticiastelered.com\/PortalDNoticias\/wp-json\/wp\/v2\/types\/post"}],"author":[{"embeddable":true,"href":"http:\/\/noticiastelered.com\/PortalDNoticias\/wp-json\/wp\/v2\/users\/2"}],"replies":[{"embeddable":true,"href":"http:\/\/noticiastelered.com\/PortalDNoticias\/wp-json\/wp\/v2\/comments?post=41864"}],"version-history":[{"count":1,"href":"http:\/\/noticiastelered.com\/PortalDNoticias\/wp-json\/wp\/v2\/posts\/41864\/revisions"}],"predecessor-version":[{"id":41867,"href":"http:\/\/noticiastelered.com\/PortalDNoticias\/wp-json\/wp\/v2\/posts\/41864\/revisions\/41867"}],"wp:featuredmedia":[{"embeddable":true,"href":"http:\/\/noticiastelered.com\/PortalDNoticias\/wp-json\/wp\/v2\/media\/41866"}],"wp:attachment":[{"href":"http:\/\/noticiastelered.com\/PortalDNoticias\/wp-json\/wp\/v2\/media?parent=41864"}],"wp:term":[{"taxonomy":"category","embeddable":true,"href":"http:\/\/noticiastelered.com\/PortalDNoticias\/wp-json\/wp\/v2\/categories?post=41864"},{"taxonomy":"post_tag","embeddable":true,"href":"http:\/\/noticiastelered.com\/PortalDNoticias\/wp-json\/wp\/v2\/tags?post=41864"}],"curies":[{"name":"wp","href":"https:\/\/api.w.org\/{rel}","templated":true}]}}