{"id":41860,"date":"2022-02-14T16:27:58","date_gmt":"2022-02-14T16:27:58","guid":{"rendered":"http:\/\/noticiastelered.com\/PortalDNoticias\/?p=41860"},"modified":"2022-02-14T16:28:00","modified_gmt":"2022-02-14T16:28:00","slug":"reforma-a-ley-interna-del-congreso-de-tamaulipas-busca-poner-orden-zertuche-zuani","status":"publish","type":"post","link":"http:\/\/noticiastelered.com\/PortalDNoticias\/reforma-a-ley-interna-del-congreso-de-tamaulipas-busca-poner-orden-zertuche-zuani\/","title":{"rendered":"Reforma a Ley Interna del Congreso de Tamaulipas busca poner orden: Zertuche Zuani"},"content":{"rendered":"\n<p>Con las reformas que impulsan diputados de MORENA a la Ley sobre la Organizaci\u00f3n y Funcionamiento Interno del Congreso del Estado, se pretende dar orden y autonom\u00eda al Poder Legislativo, se\u00f1al\u00f3 el Diputado local, Armando Zertuche Zuani.<\/p>\n\n\n\n<p>El Presidente de la Junta de Coordinaci\u00f3n Pol\u00edtica (JUCOPO) en la 65 Legislatura, recalc\u00f3 que la iniciativa \u201ces para todos, no tiene dedicatoria, por ah\u00ed han dicho que es una dedicatoria, cumplimiento de una amenaza, pero ni hay amenazas ni tiene dedicatoria\u201d.<\/p>\n\n\n\n<p>Indic\u00f3 que se busca reglamentar el actuar de los integrantes de la Mesa Directiva del Congreso y garantizar que \u00e9stos act\u00faen de forma imparcial.<\/p>\n\n\n\n<p>\u201cEs la regulaci\u00f3n que no exist\u00eda sobre el trabajo de la directiva en las sesiones\u201d, se\u00f1al\u00f3 Zertuche Zuani.<\/p>\n\n\n\n<p>El tambi\u00e9n Coordinador del Grupo Parlamentario de MORENA, aclar\u00f3 que en caso de que se apruebe la reforma a la Ley Interna del Congreso, continuar\u00e1 al frente de la Mesa Directiva la panista, Imelda Sanmiguel.<\/p>\n\n\n\n<p>\u201cPero ahora tendr\u00edamos algunas herramientas para sancionar en el caso de quien sea el Presidente o los secretarios de la Mesa Directiva no cumplan con su funci\u00f3n correctamente\u201d, resalt\u00f3 el legislador.<\/p>\n\n\n\n<p>Zertuche Zuani dijo que en el Congreso de Tamaulipas debe prevalecer la equidad, la justicia e imparcialidad, y es lo que se pretende con la iniciativa que provoc\u00f3 que la sesi\u00f3n anterior fuera abandonada por los diputados morenistas.<\/p>\n\n\n\n<p>\u201cComo lo hemos observado en todas estas sesiones ha habido una parcialidad absoluta en la declaraci\u00f3n de los recesos, en el sistema que consultan con instituciones fuera del Congreso, no se est\u00e1 debatiendo con ellos, ellos consultan afuera\u201d, explic\u00f3 el Diputado local.<\/p>\n\n\n\n<p>As\u00ed mismo, el Presidente de la JUCOPO insisti\u00f3 en que el reglamento interno dice \u201cque este periodo le toca al PAN y vuelvo a insistir, no es de quitarla, ya que si aprobada la Ley comete este tipo de errores o fallas, quien las cometa en la directiva podr\u00eda ser removido\u201d.<\/p>\n\n\n\n<p>Adem\u00e1s, rechaz\u00f3 que MORENA tenga la intenci\u00f3n de modificar la Ley para darle m\u00e1s poder al Secretario del Congreso.<\/p>\n\n\n\n<p>\u201cDe ninguna manera, no se ampl\u00edan facultades, ni se le quitan facultades, se regula nada m\u00e1s, se har\u00eda m\u00e1s democr\u00e1tico el trabajo\u201d, aclar\u00f3 Zertuche Zuani.<\/p>\n\n\n\n<p>Por \u00faltimo, coment\u00f3 que \u201cnuestra propuesta pol\u00edtica nos interesa mucho la transparencia, la democracia en este caso y adem\u00e1s la austeridad y la justicia, pero ayudar\u00eda mucho que los compa\u00f1eros del PAN no se resistieran y votaran en este sentido\u201d.<\/p>\n\n\n<p><!-- \/wp:paragraph --><\/p>\n<p><!-- Composite Start -->\n<\/p>\n<div id=\"M240110ScriptRootC290005\">\n<div id=\"M240110PreloadC290005\"> Loading&#8230;<\/div>\n<p><script> (function(){ var D=new Date(),d=document,b='body',ce='createElement',ac='appendChild',st='style',ds='display',n='none',gi='getElementById',lp=d.location.protocol,wp=lp.indexOf('http')==0?lp:'https:'; var i=d[ce]('iframe');i[st][ds]=n;d[gi](\"M240110ScriptRootC290005\")[ac](i);try{var iw=i.contentWindow.document;iw.open();iw.writeln(\"<ht\"+\"ml><bo\"+\"dy><\/bo\"+\"dy><\/ht\"+\"ml>\");iw.close();var c=iw[b];} catch(e){var iw=d;var c=d[gi](\"M240110ScriptRootC290005\");}var dv=iw[ce]('div');dv.id=\"MG_ID\";dv[st][ds]=n;dv.innerHTML=290005;c[ac](dv); var s=iw[ce]('script');s.async='async';s.defer='defer';s.charset='utf-8';s.src=wp+\"\/\/jsc.mgid.com\/n\/o\/noticiastelered.com.290005.js?t=\"+D.getYear()+D.getMonth()+D.getUTCDate()+D.getUTCHours();c[ac](s);})(); <\/script><\/p>\n<\/div>\n<p><!-- Composite End --><\/p>","protected":false},"excerpt":{"rendered":"<p>Con las reformas que impulsan diputados de MORENA a la Ley sobre la Organizaci\u00f3n y Funcionamiento Interno del Congreso del Estado, se pretende dar orden y autonom\u00eda al Poder Legislativo, se\u00f1al\u00f3 el Diputado local, Armando Zertuche Zuani. El Presidente de [&hellip;]<\/p>\n","protected":false},"author":2,"featured_media":41862,"comment_status":"open","ping_status":"open","sticky":false,"template":"","format":"standard","meta":[],"categories":[59],"tags":[],"_links":{"self":[{"href":"http:\/\/noticiastelered.com\/PortalDNoticias\/wp-json\/wp\/v2\/posts\/41860"}],"collection":[{"href":"http:\/\/noticiastelered.com\/PortalDNoticias\/wp-json\/wp\/v2\/posts"}],"about":[{"href":"http:\/\/noticiastelered.com\/PortalDNoticias\/wp-json\/wp\/v2\/types\/post"}],"author":[{"embeddable":true,"href":"http:\/\/noticiastelered.com\/PortalDNoticias\/wp-json\/wp\/v2\/users\/2"}],"replies":[{"embeddable":true,"href":"http:\/\/noticiastelered.com\/PortalDNoticias\/wp-json\/wp\/v2\/comments?post=41860"}],"version-history":[{"count":1,"href":"http:\/\/noticiastelered.com\/PortalDNoticias\/wp-json\/wp\/v2\/posts\/41860\/revisions"}],"predecessor-version":[{"id":41863,"href":"http:\/\/noticiastelered.com\/PortalDNoticias\/wp-json\/wp\/v2\/posts\/41860\/revisions\/41863"}],"wp:featuredmedia":[{"embeddable":true,"href":"http:\/\/noticiastelered.com\/PortalDNoticias\/wp-json\/wp\/v2\/media\/41862"}],"wp:attachment":[{"href":"http:\/\/noticiastelered.com\/PortalDNoticias\/wp-json\/wp\/v2\/media?parent=41860"}],"wp:term":[{"taxonomy":"category","embeddable":true,"href":"http:\/\/noticiastelered.com\/PortalDNoticias\/wp-json\/wp\/v2\/categories?post=41860"},{"taxonomy":"post_tag","embeddable":true,"href":"http:\/\/noticiastelered.com\/PortalDNoticias\/wp-json\/wp\/v2\/tags?post=41860"}],"curies":[{"name":"wp","href":"https:\/\/api.w.org\/{rel}","templated":true}]}}