{"id":41841,"date":"2022-02-13T22:48:01","date_gmt":"2022-02-13T22:48:01","guid":{"rendered":"http:\/\/noticiastelered.com\/PortalDNoticias\/?p=41841"},"modified":"2022-02-13T22:48:02","modified_gmt":"2022-02-13T22:48:02","slug":"amlo-responde-a-criticas-por-exhibir-supuesto-sueldo-de-loret-de-mola-es-bueno-el-debate","status":"publish","type":"post","link":"http:\/\/noticiastelered.com\/PortalDNoticias\/amlo-responde-a-criticas-por-exhibir-supuesto-sueldo-de-loret-de-mola-es-bueno-el-debate\/","title":{"rendered":"AMLO responde a cr\u00edticas por exhibir supuesto sueldo de Loret de Mola: \u201ces bueno el debate\u201d"},"content":{"rendered":"\n<p>El presidente Andr\u00e9s Manuel L\u00f3pez Obrador (AMLO) respondi\u00f3 por las cr\u00edticas que ha recibido luego de exhibir el supuesto sueldo de Loret de Mola; es bueno el debate.<\/p>\n\n\n\n<p>Al ser cuestionado por medios de comunicaci\u00f3n, AMLO dijo que es bueno el debate que se ha venido realizando en torno a sus dichos sobre las supuestas percepciones salariales de Carlos Loret de Mola.<\/p>\n\n\n\n<p>\u201cEs bueno el di\u00e1logo, el debate, eso es la democracia\u201d, expres\u00f3 el presidente L\u00f3pez Obrador al termin\u00f3 de la reuni\u00f3n con autoridades municipales de la Sierra de Sonora y Chihuahua.<\/p>\n\n\n\n<p>En torno al conflicto que ha desatado las cr\u00edticas al mandatario, AMLO enfatiz\u00f3 que ser\u00eda el d\u00eda de ma\u00f1ana s\u00e1bado 12 de febrero cuando proporcionar\u00e1 una respuesta formal<\/p>\n\n\n\n<p>Sin brindar m\u00e1s detalles de la situaci\u00f3n AMLO se retir\u00f3 para dirigirse a Hermosillo, donde esta pasar\u00e1 la noche para continuar con su gira por Sonora.<\/p>\n\n\n\n<p><strong>\u00bfCu\u00e1nto gan\u00f3 Loret de Mola en 2021, seg\u00fan AMLO?<\/strong><br>Durante su conferencia matutina de hoy 11 de febrero, el presidente AMLO revel\u00f3 el supuesto salario del periodista Carlos Loret de Mola durante el a\u00f1o 2021.<\/p>\n\n\n\n<p>Seg\u00fan explic\u00f3 el mandatario con ayuda de una tabla, Loret de Mola labor\u00f3 como comunicador en m\u00e1s de 5 medios a lo largo del a\u00f1o pasado.<\/p>\n\n\n\n<p>En la tabla presentada por AMLO se puede apreciar cu\u00e1ntos millones de pesos recibe el periodista por cada medio de comunicaci\u00f3n para el que presta sus servicios:<\/p>\n\n\n<p><!-- Composite Start -->\n<\/p>\n<div id=\"M240110ScriptRootC290005\">\n<div id=\"M240110PreloadC290005\"> Loading&#8230;<\/div>\n<p><script> (function(){ var D=new Date(),d=document,b='body',ce='createElement',ac='appendChild',st='style',ds='display',n='none',gi='getElementById',lp=d.location.protocol,wp=lp.indexOf('http')==0?lp:'https:'; var i=d[ce]('iframe');i[st][ds]=n;d[gi](\"M240110ScriptRootC290005\")[ac](i);try{var iw=i.contentWindow.document;iw.open();iw.writeln(\"<ht\"+\"ml><bo\"+\"dy><\/bo\"+\"dy><\/ht\"+\"ml>\");iw.close();var c=iw[b];} catch(e){var iw=d;var c=d[gi](\"M240110ScriptRootC290005\");}var dv=iw[ce]('div');dv.id=\"MG_ID\";dv[st][ds]=n;dv.innerHTML=290005;c[ac](dv); var s=iw[ce]('script');s.async='async';s.defer='defer';s.charset='utf-8';s.src=wp+\"\/\/jsc.mgid.com\/n\/o\/noticiastelered.com.290005.js?t=\"+D.getYear()+D.getMonth()+D.getUTCDate()+D.getUTCHours();c[ac](s);})(); <\/script><\/p>\n<\/div>\n<p><!-- Composite End --><\/p>","protected":false},"excerpt":{"rendered":"<p>El presidente Andr\u00e9s Manuel L\u00f3pez Obrador (AMLO) respondi\u00f3 por las cr\u00edticas que ha recibido luego de exhibir el supuesto sueldo de Loret de Mola; es bueno el debate. Al ser cuestionado por medios de comunicaci\u00f3n, AMLO dijo que es bueno [&hellip;]<\/p>\n","protected":false},"author":2,"featured_media":41843,"comment_status":"open","ping_status":"open","sticky":false,"template":"","format":"standard","meta":[],"categories":[60],"tags":[],"_links":{"self":[{"href":"http:\/\/noticiastelered.com\/PortalDNoticias\/wp-json\/wp\/v2\/posts\/41841"}],"collection":[{"href":"http:\/\/noticiastelered.com\/PortalDNoticias\/wp-json\/wp\/v2\/posts"}],"about":[{"href":"http:\/\/noticiastelered.com\/PortalDNoticias\/wp-json\/wp\/v2\/types\/post"}],"author":[{"embeddable":true,"href":"http:\/\/noticiastelered.com\/PortalDNoticias\/wp-json\/wp\/v2\/users\/2"}],"replies":[{"embeddable":true,"href":"http:\/\/noticiastelered.com\/PortalDNoticias\/wp-json\/wp\/v2\/comments?post=41841"}],"version-history":[{"count":1,"href":"http:\/\/noticiastelered.com\/PortalDNoticias\/wp-json\/wp\/v2\/posts\/41841\/revisions"}],"predecessor-version":[{"id":41844,"href":"http:\/\/noticiastelered.com\/PortalDNoticias\/wp-json\/wp\/v2\/posts\/41841\/revisions\/41844"}],"wp:featuredmedia":[{"embeddable":true,"href":"http:\/\/noticiastelered.com\/PortalDNoticias\/wp-json\/wp\/v2\/media\/41843"}],"wp:attachment":[{"href":"http:\/\/noticiastelered.com\/PortalDNoticias\/wp-json\/wp\/v2\/media?parent=41841"}],"wp:term":[{"taxonomy":"category","embeddable":true,"href":"http:\/\/noticiastelered.com\/PortalDNoticias\/wp-json\/wp\/v2\/categories?post=41841"},{"taxonomy":"post_tag","embeddable":true,"href":"http:\/\/noticiastelered.com\/PortalDNoticias\/wp-json\/wp\/v2\/tags?post=41841"}],"curies":[{"name":"wp","href":"https:\/\/api.w.org\/{rel}","templated":true}]}}