{"id":41833,"date":"2022-02-13T22:31:06","date_gmt":"2022-02-13T22:31:06","guid":{"rendered":"http:\/\/noticiastelered.com\/PortalDNoticias\/?p=41833"},"modified":"2022-02-13T22:31:07","modified_gmt":"2022-02-13T22:31:07","slug":"preven-incremente-2-pesos-mas-el-kilo-de-tortilla-en-tamaulipas","status":"publish","type":"post","link":"http:\/\/noticiastelered.com\/PortalDNoticias\/preven-incremente-2-pesos-mas-el-kilo-de-tortilla-en-tamaulipas\/","title":{"rendered":"Prev\u00e9n incremente 2 pesos m\u00e1s el kilo de tortilla en Tamaulipas"},"content":{"rendered":"\n<p>Ciudad Victoria, Tamaulipas. \u2013 Derivado del incremento de insumos y productos a ra\u00edz de la pandemia, el kilo de tortilla en Tamaulipas incrementar\u00e1 dos pesos, adelant\u00f3 el presidente de la Federaci\u00f3n de industriales de la Masa y la Tortilla en Tamaulipas, Jos\u00e9 Enrique Y\u00e1\u00f1ez Reyes. <\/p>\n\n\n\n<p>Se\u00f1al\u00f3 que, debido a los nuevos incrementos a las harinas por la inflaci\u00f3n mundial causada por la pandemia, los industriales analizan nuevos incrementos, aun cuando en las \u00faltimas semanas se ha visto un aumento al precio, principalmente en la frontera donde se oferta en 21 a 24 pesos.<\/p>\n\n\n\n<p> \u201cAlgunos siguen aguantando por sus competencias que tienen y los dem\u00e1s van aumentando de acuerdo a sus condiciones; el aumento de la tortilla obedece a los incrementos de los precios de los insumos para elaborar la tortilla\u201d, se\u00f1al\u00f3.<\/p>\n\n\n\n<p> Asever\u00f3 que este impacto econ\u00f3mico se refleja a nivel mundial por consecuencia de la pandemia, aunado a la falta de productividad.<\/p>\n\n\n\n<p> Adem\u00e1s, Y\u00e1\u00f1ez Reyes refiri\u00f3 que depender\u00e1 de los due\u00f1os de los negocios hacer los ajustes del precio de la tortilla, pues no es el mismo costo en el centro y sur del estado.<\/p>\n","protected":false},"excerpt":{"rendered":"<p>Ciudad Victoria, Tamaulipas. \u2013 Derivado del incremento de insumos y productos a ra\u00edz de la pandemia, el kilo de tortilla en Tamaulipas incrementar\u00e1 dos pesos, adelant\u00f3 el presidente de la Federaci\u00f3n de industriales de la Masa y la Tortilla en [&hellip;]<\/p>\n","protected":false},"author":2,"featured_media":41835,"comment_status":"open","ping_status":"open","sticky":false,"template":"","format":"standard","meta":[],"categories":[59],"tags":[],"_links":{"self":[{"href":"http:\/\/noticiastelered.com\/PortalDNoticias\/wp-json\/wp\/v2\/posts\/41833"}],"collection":[{"href":"http:\/\/noticiastelered.com\/PortalDNoticias\/wp-json\/wp\/v2\/posts"}],"about":[{"href":"http:\/\/noticiastelered.com\/PortalDNoticias\/wp-json\/wp\/v2\/types\/post"}],"author":[{"embeddable":true,"href":"http:\/\/noticiastelered.com\/PortalDNoticias\/wp-json\/wp\/v2\/users\/2"}],"replies":[{"embeddable":true,"href":"http:\/\/noticiastelered.com\/PortalDNoticias\/wp-json\/wp\/v2\/comments?post=41833"}],"version-history":[{"count":1,"href":"http:\/\/noticiastelered.com\/PortalDNoticias\/wp-json\/wp\/v2\/posts\/41833\/revisions"}],"predecessor-version":[{"id":41836,"href":"http:\/\/noticiastelered.com\/PortalDNoticias\/wp-json\/wp\/v2\/posts\/41833\/revisions\/41836"}],"wp:featuredmedia":[{"embeddable":true,"href":"http:\/\/noticiastelered.com\/PortalDNoticias\/wp-json\/wp\/v2\/media\/41835"}],"wp:attachment":[{"href":"http:\/\/noticiastelered.com\/PortalDNoticias\/wp-json\/wp\/v2\/media?parent=41833"}],"wp:term":[{"taxonomy":"category","embeddable":true,"href":"http:\/\/noticiastelered.com\/PortalDNoticias\/wp-json\/wp\/v2\/categories?post=41833"},{"taxonomy":"post_tag","embeddable":true,"href":"http:\/\/noticiastelered.com\/PortalDNoticias\/wp-json\/wp\/v2\/tags?post=41833"}],"curies":[{"name":"wp","href":"https:\/\/api.w.org\/{rel}","templated":true}]}}