{"id":41797,"date":"2022-02-13T20:42:24","date_gmt":"2022-02-13T20:42:24","guid":{"rendered":"http:\/\/noticiastelered.com\/PortalDNoticias\/?p=41797"},"modified":"2022-02-13T20:42:27","modified_gmt":"2022-02-13T20:42:27","slug":"%f0%9d%97%9f%f0%9d%97%b9%f0%9d%97%b2%f0%9d%97%b4%f0%9d%97%ae-%f0%9d%97%96%f0%9d%97%94%f0%9d%97%a7%f0%9d%97%98%f0%9d%97%a0-%f0%9d%97%ae-%f0%9d%97%a1%f0%9d%98%82%f0%9d%97%b2%f0%9d%98%83%f0%9d%97%bc","status":"publish","type":"post","link":"http:\/\/noticiastelered.com\/PortalDNoticias\/%f0%9d%97%9f%f0%9d%97%b9%f0%9d%97%b2%f0%9d%97%b4%f0%9d%97%ae-%f0%9d%97%96%f0%9d%97%94%f0%9d%97%a7%f0%9d%97%98%f0%9d%97%a0-%f0%9d%97%ae-%f0%9d%97%a1%f0%9d%98%82%f0%9d%97%b2%f0%9d%98%83%f0%9d%97%bc\/","title":{"rendered":"\ud835\udddf\ud835\uddf9\ud835\uddf2\ud835\uddf4\ud835\uddee \ud835\uddd6\ud835\uddd4\ud835\udde7\ud835\uddd8\ud835\udde0 \ud835\uddee \ud835\udde1\ud835\ude02\ud835\uddf2\ud835\ude03\ud835\uddfc \ud835\udddf\ud835\uddee\ud835\uddff\ud835\uddf2\ud835\uddf1\ud835\uddfc; \ud835\ude01\ud835\uddfc\ud835\uddfa\ud835\uddee\ud835\uddfb \ud835\uddfd\ud835\uddff\ud835\uddfc\ud835\ude01\ud835\uddf2\ud835\ude00\ud835\ude01\ud835\uddee \ud835\uddee \ud835\uddfb\ud835\ude02\ud835\uddf2\ud835\ude03\ud835\uddee \ud835\uddf1\ud835\uddf6\ud835\uddff\ud835\uddf2\ud835\uddf0\ud835\ude01\ud835\uddf6\ud835\ude03\ud835\uddee"},"content":{"rendered":"\n<p><strong>Agencias<\/strong><br>Noticias Telered<br><br><strong>NUEVO LAREDO.- <\/strong>La abogada Alma Gloria Garc\u00eda Garza fue nombrada como secretar\u00eda general del Comit\u00e9 Directivo Municipal en Nuevo Laredo de la Confederaci\u00f3n Aut\u00f3noma de Trabajadores y Empleados de M\u00e9xico (Catem).<br><br>La toma de protesta de quienes conformar\u00e1n la directiva del nuevo sindicato, se llev\u00f3 a cabo hoy por la tarde en las oficinas ubicadas en la avenida Allende 2342, en la colonia Ju\u00e1rez.<br><br>La toma de protesta estuvo a cargo del secretario general del comit\u00e9 ejecutivo estatal de Catem, Hugo Mario Torteya Chymely, quien fue enviado por el Secretario General, el senador Pedro Haces Barba.La Catem Nuevo Laredo, el tercer sindicato en Nuevo Laredo, qued\u00f3 conformado de la siguiente manera; secretar\u00eda general, Alma Gloria Garc\u00eda Garza; secretario de organizaci\u00f3n, Juan Carlos Aguilar Rivera; secretario del trabajo, Abelardo Guevara; secretaria de finanzas, Lorena Corona y secretar\u00eda de equidad de g\u00e9nero, Marina Ch\u00e1vez.<br><br><br><\/p>\n","protected":false},"excerpt":{"rendered":"<p>AgenciasNoticias Telered NUEVO LAREDO.- La abogada Alma Gloria Garc\u00eda Garza fue nombrada como secretar\u00eda general del Comit\u00e9 Directivo Municipal en Nuevo Laredo de la Confederaci\u00f3n Aut\u00f3noma de Trabajadores y Empleados de M\u00e9xico (Catem). La toma de protesta de quienes conformar\u00e1n [&hellip;]<\/p>\n","protected":false},"author":2,"featured_media":41799,"comment_status":"open","ping_status":"open","sticky":false,"template":"","format":"standard","meta":[],"categories":[64,60,63,59],"tags":[],"_links":{"self":[{"href":"http:\/\/noticiastelered.com\/PortalDNoticias\/wp-json\/wp\/v2\/posts\/41797"}],"collection":[{"href":"http:\/\/noticiastelered.com\/PortalDNoticias\/wp-json\/wp\/v2\/posts"}],"about":[{"href":"http:\/\/noticiastelered.com\/PortalDNoticias\/wp-json\/wp\/v2\/types\/post"}],"author":[{"embeddable":true,"href":"http:\/\/noticiastelered.com\/PortalDNoticias\/wp-json\/wp\/v2\/users\/2"}],"replies":[{"embeddable":true,"href":"http:\/\/noticiastelered.com\/PortalDNoticias\/wp-json\/wp\/v2\/comments?post=41797"}],"version-history":[{"count":1,"href":"http:\/\/noticiastelered.com\/PortalDNoticias\/wp-json\/wp\/v2\/posts\/41797\/revisions"}],"predecessor-version":[{"id":41800,"href":"http:\/\/noticiastelered.com\/PortalDNoticias\/wp-json\/wp\/v2\/posts\/41797\/revisions\/41800"}],"wp:featuredmedia":[{"embeddable":true,"href":"http:\/\/noticiastelered.com\/PortalDNoticias\/wp-json\/wp\/v2\/media\/41799"}],"wp:attachment":[{"href":"http:\/\/noticiastelered.com\/PortalDNoticias\/wp-json\/wp\/v2\/media?parent=41797"}],"wp:term":[{"taxonomy":"category","embeddable":true,"href":"http:\/\/noticiastelered.com\/PortalDNoticias\/wp-json\/wp\/v2\/categories?post=41797"},{"taxonomy":"post_tag","embeddable":true,"href":"http:\/\/noticiastelered.com\/PortalDNoticias\/wp-json\/wp\/v2\/tags?post=41797"}],"curies":[{"name":"wp","href":"https:\/\/api.w.org\/{rel}","templated":true}]}}