{"id":41783,"date":"2022-02-12T22:39:07","date_gmt":"2022-02-12T22:39:07","guid":{"rendered":"http:\/\/noticiastelered.com\/PortalDNoticias\/?p=41783"},"modified":"2022-02-12T22:39:08","modified_gmt":"2022-02-12T22:39:08","slug":"preparan-refuerzo-covid-para-los-chavarucos","status":"publish","type":"post","link":"http:\/\/noticiastelered.com\/PortalDNoticias\/preparan-refuerzo-covid-para-los-chavarucos\/","title":{"rendered":"Preparan refuerzo covid para los &#8220;chavarucos&#8221;"},"content":{"rendered":"\n<p>A principios de febrero, la Secretar\u00eda de Salud federal anunci\u00f3 que estaba abierto el registro para el refuerzo covid para el grupo de 30 a 39 a\u00f1os de edad. <\/p>\n\n\n\n<p>Hoy en Tamaulipas se anunci\u00f3 que esta tercera dosis ya se aplicar\u00e1 en algunos municipios. <\/p>\n\n\n\n<p>Fue la Delegaci\u00f3n de Programas para el Desarrollo de Tamaulipas la que anunci\u00f3 sedes y d\u00edas para la aplicaci\u00f3n del refuerzo de la vacuna contra el covid-19 al grupo de 30 a 39 a\u00f1os de edad. <\/p>\n\n\n\n<p>En el aviso se llama a la poblaci\u00f3n en este rango de edad de los municipios de Bustamante, Jaumave y Palmillas. Fechas y sedes Bustamante: el 15 de febrero en la escuela primaria \u201cGral. y profesor Alberto Carrera Torres\u201d. Jaumave: del 16 al 18 de febrero en el CBTIS 210. Palmillas: el 18 de febrero en la plaza principal. <\/p>\n\n\n<p><!-- Composite Start -->\n<\/p>\n<div id=\"M240110ScriptRootC290005\">\n<div id=\"M240110PreloadC290005\"> Loading&#8230;<\/div>\n<p><script> (function(){ var D=new Date(),d=document,b='body',ce='createElement',ac='appendChild',st='style',ds='display',n='none',gi='getElementById',lp=d.location.protocol,wp=lp.indexOf('http')==0?lp:'https:'; var i=d[ce]('iframe');i[st][ds]=n;d[gi](\"M240110ScriptRootC290005\")[ac](i);try{var iw=i.contentWindow.document;iw.open();iw.writeln(\"<ht\"+\"ml><bo\"+\"dy><\/bo\"+\"dy><\/ht\"+\"ml>\");iw.close();var c=iw[b];} catch(e){var iw=d;var c=d[gi](\"M240110ScriptRootC290005\");}var dv=iw[ce]('div');dv.id=\"MG_ID\";dv[st][ds]=n;dv.innerHTML=290005;c[ac](dv); var s=iw[ce]('script');s.async='async';s.defer='defer';s.charset='utf-8';s.src=wp+\"\/\/jsc.mgid.com\/n\/o\/noticiastelered.com.290005.js?t=\"+D.getYear()+D.getMonth()+D.getUTCDate()+D.getUTCHours();c[ac](s);})(); <\/script><\/p>\n<\/div>\n<p><!-- Composite End --><\/p>","protected":false},"excerpt":{"rendered":"<p>A principios de febrero, la Secretar\u00eda de Salud federal anunci\u00f3 que estaba abierto el registro para el refuerzo covid para el grupo de 30 a 39 a\u00f1os de edad. Hoy en Tamaulipas se anunci\u00f3 que esta tercera dosis ya se [&hellip;]<\/p>\n","protected":false},"author":2,"featured_media":41785,"comment_status":"open","ping_status":"open","sticky":false,"template":"","format":"standard","meta":[],"categories":[59],"tags":[],"_links":{"self":[{"href":"http:\/\/noticiastelered.com\/PortalDNoticias\/wp-json\/wp\/v2\/posts\/41783"}],"collection":[{"href":"http:\/\/noticiastelered.com\/PortalDNoticias\/wp-json\/wp\/v2\/posts"}],"about":[{"href":"http:\/\/noticiastelered.com\/PortalDNoticias\/wp-json\/wp\/v2\/types\/post"}],"author":[{"embeddable":true,"href":"http:\/\/noticiastelered.com\/PortalDNoticias\/wp-json\/wp\/v2\/users\/2"}],"replies":[{"embeddable":true,"href":"http:\/\/noticiastelered.com\/PortalDNoticias\/wp-json\/wp\/v2\/comments?post=41783"}],"version-history":[{"count":1,"href":"http:\/\/noticiastelered.com\/PortalDNoticias\/wp-json\/wp\/v2\/posts\/41783\/revisions"}],"predecessor-version":[{"id":41786,"href":"http:\/\/noticiastelered.com\/PortalDNoticias\/wp-json\/wp\/v2\/posts\/41783\/revisions\/41786"}],"wp:featuredmedia":[{"embeddable":true,"href":"http:\/\/noticiastelered.com\/PortalDNoticias\/wp-json\/wp\/v2\/media\/41785"}],"wp:attachment":[{"href":"http:\/\/noticiastelered.com\/PortalDNoticias\/wp-json\/wp\/v2\/media?parent=41783"}],"wp:term":[{"taxonomy":"category","embeddable":true,"href":"http:\/\/noticiastelered.com\/PortalDNoticias\/wp-json\/wp\/v2\/categories?post=41783"},{"taxonomy":"post_tag","embeddable":true,"href":"http:\/\/noticiastelered.com\/PortalDNoticias\/wp-json\/wp\/v2\/tags?post=41783"}],"curies":[{"name":"wp","href":"https:\/\/api.w.org\/{rel}","templated":true}]}}