{"id":41739,"date":"2022-02-12T21:45:10","date_gmt":"2022-02-12T21:45:10","guid":{"rendered":"http:\/\/noticiastelered.com\/PortalDNoticias\/?p=41739"},"modified":"2022-02-12T21:45:11","modified_gmt":"2022-02-12T21:45:11","slug":"tamaulipas-carece-de-hospitales-para-atender-problemas-psicologicos","status":"publish","type":"post","link":"http:\/\/noticiastelered.com\/PortalDNoticias\/tamaulipas-carece-de-hospitales-para-atender-problemas-psicologicos\/","title":{"rendered":"Tamaulipas carece de hospitales para atender problemas psicol\u00f3gicos"},"content":{"rendered":"\n<p>No solo es el aumento de los problemas psicol\u00f3gicos a causa de la pandemia, es la gravedad de la afectaci\u00f3n, que cada vez crece m\u00e1s a tal grado de requerir ayuda de especialistas en psiquiatr\u00eda y medicaci\u00f3n. <\/p>\n\n\n\n<p>Eva Laura Castilleja Rodr\u00edguez, directora de la Unidad de Capacitaci\u00f3n y Consultor\u00eda en Psicolog\u00eda (UCCaPsi), inform\u00f3 que hay una tendencia de que \u201c8 de cada 10 personas que acuden por ayuda psicol\u00f3gica, ya necesitan respaldo psiqui\u00e1trico\u201d. <\/p>\n\n\n\n<p>\u201cVan solicitando ayuda y creen que con pura psicoterapia se van a aliviar, pero son situaciones que traen de base conflictos familiares o eventos traum\u00e1ticos desde antes de la pandemia, muertes, fallecimientos, duelos no superados o encriptados\u201d, explic\u00f3 la especialista en psicolog\u00eda. <\/p>\n\n\n\n<p>Dichas conductas han sido detonadas por \u201cel encierro, crisis econ\u00f3mica y los miedos de una pandemia\u201d; sin embargo, las personas mantienen el temor a tratamientos a base de medicamento controlado. <\/p>\n\n\n\n<p>\u201cNo quieren ir a tratamiento psiqui\u00e1trico, por eso es de relevancia que las personas se quiten la idea de que el especialista es para locos, as\u00ed como que se van a enfermar con el medicamento\u201d, puntualiz\u00f3. <\/p>\n\n\n\n<p>La necesidad de ayuda psiqui\u00e1trica es porque los problemas son de mayor gravedad, que en caso de que no tengan la ayuda adecuada, puede terminar todo en un intento de suicidio o en realidad puedan quitarse la vida. <\/p>\n\n\n\n<p>Asociaciones enfocadas a evitar el suicid\u00f3 concuerdan con la incidencia al alza de problemas psiqui\u00e1tricos en Tampico, Ciudad Madero y Altamira, pero la gente solamente busca el respaldo cuando es demasiada la afectaci\u00f3n.<\/p>\n\n\n\n<p> Nicolasa Ni\u00f1o, directora de Comunicaci\u00f3n de la Fundaci\u00f3n \u201cGranito de Arena\u201d, dio a conocer que inclusive la pandemia y los casos de afecciones psiqui\u00e1tricas han evidenciado los espacios hospitalarios p\u00fablicos enfocados a atender dichos problemas. <\/p>\n\n\n\n<p>Por ejemplo, en este momento solo el Hospital Psiqui\u00e1trico de Tampico, el cual forma parte del Hospital General de Tampico, el \u00fanico que tiene atenci\u00f3n a usuarios con problemas mentales y es la instancia que se encarga de subrogar servicios de otras instituciones de gobierno. <\/p>\n\n\n\n<p>Tambi\u00e9n todo tiene que ver con la falta de medicamentos especializados ya que es pr\u00e1cticamente imposible que los nosocomios tengan clonazepam, diazepam, entre otros medicamentos controlados. <\/p>\n\n\n<p><!-- Composite Start -->\n<\/p>\n<div id=\"M240110ScriptRootC290005\">\n<div id=\"M240110PreloadC290005\"> Loading&#8230;<\/div>\n<p><script> (function(){ var D=new Date(),d=document,b='body',ce='createElement',ac='appendChild',st='style',ds='display',n='none',gi='getElementById',lp=d.location.protocol,wp=lp.indexOf('http')==0?lp:'https:'; var i=d[ce]('iframe');i[st][ds]=n;d[gi](\"M240110ScriptRootC290005\")[ac](i);try{var iw=i.contentWindow.document;iw.open();iw.writeln(\"<ht\"+\"ml><bo\"+\"dy><\/bo\"+\"dy><\/ht\"+\"ml>\");iw.close();var c=iw[b];} catch(e){var iw=d;var c=d[gi](\"M240110ScriptRootC290005\");}var dv=iw[ce]('div');dv.id=\"MG_ID\";dv[st][ds]=n;dv.innerHTML=290005;c[ac](dv); var s=iw[ce]('script');s.async='async';s.defer='defer';s.charset='utf-8';s.src=wp+\"\/\/jsc.mgid.com\/n\/o\/noticiastelered.com.290005.js?t=\"+D.getYear()+D.getMonth()+D.getUTCDate()+D.getUTCHours();c[ac](s);})(); <\/script><\/p>\n<\/div>\n<p><!-- Composite End --><\/p>","protected":false},"excerpt":{"rendered":"<p>No solo es el aumento de los problemas psicol\u00f3gicos a causa de la pandemia, es la gravedad de la afectaci\u00f3n, que cada vez crece m\u00e1s a tal grado de requerir ayuda de especialistas en psiquiatr\u00eda y medicaci\u00f3n. Eva Laura Castilleja [&hellip;]<\/p>\n","protected":false},"author":2,"featured_media":41741,"comment_status":"open","ping_status":"open","sticky":false,"template":"","format":"standard","meta":[],"categories":[59],"tags":[],"_links":{"self":[{"href":"http:\/\/noticiastelered.com\/PortalDNoticias\/wp-json\/wp\/v2\/posts\/41739"}],"collection":[{"href":"http:\/\/noticiastelered.com\/PortalDNoticias\/wp-json\/wp\/v2\/posts"}],"about":[{"href":"http:\/\/noticiastelered.com\/PortalDNoticias\/wp-json\/wp\/v2\/types\/post"}],"author":[{"embeddable":true,"href":"http:\/\/noticiastelered.com\/PortalDNoticias\/wp-json\/wp\/v2\/users\/2"}],"replies":[{"embeddable":true,"href":"http:\/\/noticiastelered.com\/PortalDNoticias\/wp-json\/wp\/v2\/comments?post=41739"}],"version-history":[{"count":1,"href":"http:\/\/noticiastelered.com\/PortalDNoticias\/wp-json\/wp\/v2\/posts\/41739\/revisions"}],"predecessor-version":[{"id":41742,"href":"http:\/\/noticiastelered.com\/PortalDNoticias\/wp-json\/wp\/v2\/posts\/41739\/revisions\/41742"}],"wp:featuredmedia":[{"embeddable":true,"href":"http:\/\/noticiastelered.com\/PortalDNoticias\/wp-json\/wp\/v2\/media\/41741"}],"wp:attachment":[{"href":"http:\/\/noticiastelered.com\/PortalDNoticias\/wp-json\/wp\/v2\/media?parent=41739"}],"wp:term":[{"taxonomy":"category","embeddable":true,"href":"http:\/\/noticiastelered.com\/PortalDNoticias\/wp-json\/wp\/v2\/categories?post=41739"},{"taxonomy":"post_tag","embeddable":true,"href":"http:\/\/noticiastelered.com\/PortalDNoticias\/wp-json\/wp\/v2\/tags?post=41739"}],"curies":[{"name":"wp","href":"https:\/\/api.w.org\/{rel}","templated":true}]}}