{"id":41716,"date":"2022-02-11T20:40:32","date_gmt":"2022-02-11T20:40:32","guid":{"rendered":"http:\/\/noticiastelered.com\/PortalDNoticias\/?p=41716"},"modified":"2022-02-11T20:40:33","modified_gmt":"2022-02-11T20:40:33","slug":"aplican-cansino-a-quien-va-por-primera-dosis-en-victoria","status":"publish","type":"post","link":"http:\/\/noticiastelered.com\/PortalDNoticias\/aplican-cansino-a-quien-va-por-primera-dosis-en-victoria\/","title":{"rendered":"Aplican CanSino a quien va por primera dosis en Victoria"},"content":{"rendered":"\n<p>Ciudad Victoria, Tamaulipas.- Hoy justo en el \u00faltimo d\u00eda de la jornada para mayores de 40 a\u00f1os de edad, se autoriz\u00f3 tambi\u00e9n aplicar primeras dosis a todas las personas mayores de 18 a\u00f1os a\u00f1os no cuentan con ninguna vacuna anti COVID, pero para sorpresa de todos es la marca CanSino.<\/p>\n\n\n\n<p>Hoy concluye la jornada de la tercera dosis de vacuna para mayores de 40 a\u00f1os de edad, y se destino la vacuna AstraZeneca como su refuerzo despu\u00e9s del esquema completo de vacunaci\u00f3n Pfizer.<\/p>\n\n\n\n<p>Sin embargo tambi\u00e9n se autoriz\u00f3 para esta jornada del d\u00eda Lunes 7 al dia Viernes 11 la tercera dosis para rezagados de jornadas anteriores, es decir mayores de 50, 60 y m\u00e1s.<\/p>\n\n\n\n<p>El d\u00eda de ayer se autoriz\u00f3 aplicar primeras dosis para todas las personas mayores de 18 a\u00f1os de edad que no cuentan con ninguna vacuna anti COVID, siendo hasta el d\u00eda de ayer por la tarde la misma vacuna AstraZeneca.<\/p>\n\n\n\n<p>Sin embargo ayer por la noche cambiaron las indicaciones por parte de las autoridades del Gobierno Federal donde les informaron seria la vacuna CanSino para la primera dosis.<\/p>\n\n\n<p><!-- \/wp:paragraph --><\/p>\n<p><!-- Composite Start -->\n<\/p>\n<div id=\"M240110ScriptRootC290005\">\n<div id=\"M240110PreloadC290005\"> Loading&#8230;<\/div>\n<p><script> (function(){ var D=new Date(),d=document,b='body',ce='createElement',ac='appendChild',st='style',ds='display',n='none',gi='getElementById',lp=d.location.protocol,wp=lp.indexOf('http')==0?lp:'https:'; var i=d[ce]('iframe');i[st][ds]=n;d[gi](\"M240110ScriptRootC290005\")[ac](i);try{var iw=i.contentWindow.document;iw.open();iw.writeln(\"<ht\"+\"ml><bo\"+\"dy><\/bo\"+\"dy><\/ht\"+\"ml>\");iw.close();var c=iw[b];} catch(e){var iw=d;var c=d[gi](\"M240110ScriptRootC290005\");}var dv=iw[ce]('div');dv.id=\"MG_ID\";dv[st][ds]=n;dv.innerHTML=290005;c[ac](dv); var s=iw[ce]('script');s.async='async';s.defer='defer';s.charset='utf-8';s.src=wp+\"\/\/jsc.mgid.com\/n\/o\/noticiastelered.com.290005.js?t=\"+D.getYear()+D.getMonth()+D.getUTCDate()+D.getUTCHours();c[ac](s);})(); <\/script><\/p>\n<\/div>\n<p><!-- Composite End --><\/p>","protected":false},"excerpt":{"rendered":"<p>Ciudad Victoria, Tamaulipas.- Hoy justo en el \u00faltimo d\u00eda de la jornada para mayores de 40 a\u00f1os de edad, se autoriz\u00f3 tambi\u00e9n aplicar primeras dosis a todas las personas mayores de 18 a\u00f1os a\u00f1os no cuentan con ninguna vacuna anti [&hellip;]<\/p>\n","protected":false},"author":7,"featured_media":41718,"comment_status":"open","ping_status":"open","sticky":false,"template":"","format":"standard","meta":[],"categories":[59],"tags":[],"_links":{"self":[{"href":"http:\/\/noticiastelered.com\/PortalDNoticias\/wp-json\/wp\/v2\/posts\/41716"}],"collection":[{"href":"http:\/\/noticiastelered.com\/PortalDNoticias\/wp-json\/wp\/v2\/posts"}],"about":[{"href":"http:\/\/noticiastelered.com\/PortalDNoticias\/wp-json\/wp\/v2\/types\/post"}],"author":[{"embeddable":true,"href":"http:\/\/noticiastelered.com\/PortalDNoticias\/wp-json\/wp\/v2\/users\/7"}],"replies":[{"embeddable":true,"href":"http:\/\/noticiastelered.com\/PortalDNoticias\/wp-json\/wp\/v2\/comments?post=41716"}],"version-history":[{"count":1,"href":"http:\/\/noticiastelered.com\/PortalDNoticias\/wp-json\/wp\/v2\/posts\/41716\/revisions"}],"predecessor-version":[{"id":41719,"href":"http:\/\/noticiastelered.com\/PortalDNoticias\/wp-json\/wp\/v2\/posts\/41716\/revisions\/41719"}],"wp:featuredmedia":[{"embeddable":true,"href":"http:\/\/noticiastelered.com\/PortalDNoticias\/wp-json\/wp\/v2\/media\/41718"}],"wp:attachment":[{"href":"http:\/\/noticiastelered.com\/PortalDNoticias\/wp-json\/wp\/v2\/media?parent=41716"}],"wp:term":[{"taxonomy":"category","embeddable":true,"href":"http:\/\/noticiastelered.com\/PortalDNoticias\/wp-json\/wp\/v2\/categories?post=41716"},{"taxonomy":"post_tag","embeddable":true,"href":"http:\/\/noticiastelered.com\/PortalDNoticias\/wp-json\/wp\/v2\/tags?post=41716"}],"curies":[{"name":"wp","href":"https:\/\/api.w.org\/{rel}","templated":true}]}}