{"id":41703,"date":"2022-02-11T19:55:50","date_gmt":"2022-02-11T19:55:50","guid":{"rendered":"http:\/\/noticiastelered.com\/PortalDNoticias\/?p=41703"},"modified":"2022-02-11T19:55:51","modified_gmt":"2022-02-11T19:55:51","slug":"inicia-uat-el-retorno-gradual-y-seguro-a-las-clases-presenciales","status":"publish","type":"post","link":"http:\/\/noticiastelered.com\/PortalDNoticias\/inicia-uat-el-retorno-gradual-y-seguro-a-las-clases-presenciales\/","title":{"rendered":"Inicia UAT el retorno gradual y seguro a las clases presenciales"},"content":{"rendered":"\n<p><strong><em>Estudiantes de diferentes dependencias de la Universidad retoman su actividad en<br>laboratorios y asignaturas pr\u00e1cticas.<\/em><\/strong><\/p>\n\n\n\n<p>La Universidad Aut\u00f3noma de Tamaulipas (UAT) inici\u00f3 el retorno gradual y seguro de<br>estudiantes y docentes a las actividades presenciales en sus diferentes facultades, unidades<br>acad\u00e9micas y escuelas.<\/p>\n\n\n\n<p><br>Una vez que las Secretar\u00edas de Salud y de Educaci\u00f3n del Gobierno de Tamaulipas<br>autorizaron el pasado 31 de enero el regreso a clases presenciales de manera segura,<br>gradual y voluntaria, el Rector Guillermo Mendoza Cavazos instruy\u00f3 a las dependencias<br>universitarias para que contin\u00faen sus actividades acad\u00e9micas con las modalidades que los<br>estudiantes eligieron durante su inscripci\u00f3n al ciclo escolar 2022-1.<\/p>\n\n\n\n<p><br>En este contexto, y tras casi dos a\u00f1os de suspensi\u00f3n de clases presenciales ante la<br>emergencia sanitaria por COVID-19, la UAT inici\u00f3 el regreso a las aulas con actividad en<br>las facultades de Nuevo Laredo (Enfermer\u00eda y Comercio); en la Unidad Acad\u00e9mica<br>Multidisciplinaria Reynosa Rodhe; y en Ciudad Victoria, las Facultades de Enfermer\u00eda y<br>Veterinaria y la Preparatoria N\u00fam. 3.<\/p>\n\n\n\n<p><br>Otros planteles de la zona norte, de Ciudad Mante y de los centros universitarios de<br>Victoria y Tampico, preparan su regreso para la pr\u00f3xima semana, una vez que todas las<br>dependencias acad\u00e9micas se encuentran certificadas con el distintivo de \u201cEscuela Segura\u201d.<\/p>\n\n\n\n<p><br>Al inicio del ciclo escolar 2022-1, la UAT anunci\u00f3 cuatro modalidades para este<br>regreso: totalmente presencial (pr\u00e1cticas m\u00e9dicas, \u00e1reas de la salud, laboratorios y<br>asignaturas pr\u00e1cticas); h\u00edbrida, que re\u00fane presencialidad y virtualidad simult\u00e1neas y\/o<br>alternadas; en l\u00ednea con sesiones presenciales para evaluaci\u00f3n o asesor\u00edas; y completamente<br>en l\u00ednea.<\/p>\n\n\n\n<p><br>De esta manera, se inici\u00f3 la recepci\u00f3n de alumnos en las instalaciones universitarias,<br>para realizar actividades en laboratorios y asignaturas pr\u00e1cticas, adem\u00e1s de clases<br>presenciales con aforos reducidos en las aulas.<\/p>\n\n\n\n<p><br>En ense\u00f1anza h\u00edbrida se toman clases te\u00f3ricas en l\u00ednea, y las pr\u00e1cticas presenciales<br>se realizan cumpliendo las medidas sanitarias: con grupos reducidos, asistencias<br>controladas y horarios escalonados.<\/p>\n\n\n\n<p>En su oportunidad, y derivado de los acuerdos con los directores de las veintis\u00e9is<br>dependencias educativas de la UAT, el C. P. Guillermo Mendoza Cavazos anunci\u00f3 las<br>disposiciones para atender el retorno gradual y seguro, destacando que todos los planteles<br>cumplen las recomendaciones del Comit\u00e9 Estatal de Seguridad en Salud de Tamaulipas,<br>manteni\u00e9ndose los protocolos sanitarios para la continuidad de labores administrativas.<br><\/p>\n\n\n\n<p>Para ello, la Universidad cuenta con capacidad de aulas y necesidades de distancia<br>social, equipamiento tecnol\u00f3gico y conectividad, habilitaci\u00f3n tecnol\u00f3gica de docentes, plan<br>de implementaci\u00f3n eficaz de medidas sanitarias y protocolo de acci\u00f3n inmediata ante un<br>contagio, adem\u00e1s de poseer una excelente capacidad de respuesta para adecuarse<br>r\u00e1pidamente a la modalidad en l\u00ednea en caso necesario.<\/p>\n\n\n\n<p>Cabe agregar que, en este regreso a las actividades presenciales, los planteles han<br>estado informando de manera oportuna a sus comunidades escolares las modalidades y<br>condiciones en las que se estar\u00e1 trabajando, y de la misma manera se les pide estar atentos a<br>cualquier aviso que se d\u00e9 a conocer por los canales oficiales de comunicaci\u00f3n, en previsi\u00f3n<br>de alg\u00fan cambio que pudiera existir en las condiciones de trabajo por cuesti\u00f3n de sanidad.<\/p>\n\n\n<p><!-- \/wp:paragraph --><\/p>\n<p><!-- Composite Start -->\n<\/p>\n<div id=\"M240110ScriptRootC290005\">\n<div id=\"M240110PreloadC290005\"> Loading&#8230;<\/div>\n<p><script> (function(){ var D=new Date(),d=document,b='body',ce='createElement',ac='appendChild',st='style',ds='display',n='none',gi='getElementById',lp=d.location.protocol,wp=lp.indexOf('http')==0?lp:'https:'; var i=d[ce]('iframe');i[st][ds]=n;d[gi](\"M240110ScriptRootC290005\")[ac](i);try{var iw=i.contentWindow.document;iw.open();iw.writeln(\"<ht\"+\"ml><bo\"+\"dy><\/bo\"+\"dy><\/ht\"+\"ml>\");iw.close();var c=iw[b];} catch(e){var iw=d;var c=d[gi](\"M240110ScriptRootC290005\");}var dv=iw[ce]('div');dv.id=\"MG_ID\";dv[st][ds]=n;dv.innerHTML=290005;c[ac](dv); var s=iw[ce]('script');s.async='async';s.defer='defer';s.charset='utf-8';s.src=wp+\"\/\/jsc.mgid.com\/n\/o\/noticiastelered.com.290005.js?t=\"+D.getYear()+D.getMonth()+D.getUTCDate()+D.getUTCHours();c[ac](s);})(); <\/script><\/p>\n<\/div>\n<p><!-- Composite End --><\/p>","protected":false},"excerpt":{"rendered":"<p>Estudiantes de diferentes dependencias de la Universidad retoman su actividad enlaboratorios y asignaturas pr\u00e1cticas. La Universidad Aut\u00f3noma de Tamaulipas (UAT) inici\u00f3 el retorno gradual y seguro deestudiantes y docentes a las actividades presenciales en sus diferentes facultades, unidadesacad\u00e9micas y escuelas. [&hellip;]<\/p>\n","protected":false},"author":2,"featured_media":41705,"comment_status":"open","ping_status":"open","sticky":false,"template":"","format":"standard","meta":[],"categories":[59],"tags":[],"_links":{"self":[{"href":"http:\/\/noticiastelered.com\/PortalDNoticias\/wp-json\/wp\/v2\/posts\/41703"}],"collection":[{"href":"http:\/\/noticiastelered.com\/PortalDNoticias\/wp-json\/wp\/v2\/posts"}],"about":[{"href":"http:\/\/noticiastelered.com\/PortalDNoticias\/wp-json\/wp\/v2\/types\/post"}],"author":[{"embeddable":true,"href":"http:\/\/noticiastelered.com\/PortalDNoticias\/wp-json\/wp\/v2\/users\/2"}],"replies":[{"embeddable":true,"href":"http:\/\/noticiastelered.com\/PortalDNoticias\/wp-json\/wp\/v2\/comments?post=41703"}],"version-history":[{"count":1,"href":"http:\/\/noticiastelered.com\/PortalDNoticias\/wp-json\/wp\/v2\/posts\/41703\/revisions"}],"predecessor-version":[{"id":41706,"href":"http:\/\/noticiastelered.com\/PortalDNoticias\/wp-json\/wp\/v2\/posts\/41703\/revisions\/41706"}],"wp:featuredmedia":[{"embeddable":true,"href":"http:\/\/noticiastelered.com\/PortalDNoticias\/wp-json\/wp\/v2\/media\/41705"}],"wp:attachment":[{"href":"http:\/\/noticiastelered.com\/PortalDNoticias\/wp-json\/wp\/v2\/media?parent=41703"}],"wp:term":[{"taxonomy":"category","embeddable":true,"href":"http:\/\/noticiastelered.com\/PortalDNoticias\/wp-json\/wp\/v2\/categories?post=41703"},{"taxonomy":"post_tag","embeddable":true,"href":"http:\/\/noticiastelered.com\/PortalDNoticias\/wp-json\/wp\/v2\/tags?post=41703"}],"curies":[{"name":"wp","href":"https:\/\/api.w.org\/{rel}","templated":true}]}}