{"id":41699,"date":"2022-02-11T19:47:51","date_gmt":"2022-02-11T19:47:51","guid":{"rendered":"http:\/\/noticiastelered.com\/PortalDNoticias\/?p=41699"},"modified":"2022-02-11T19:47:51","modified_gmt":"2022-02-11T19:47:51","slug":"no-habra-alianza-legislativa-pri-pan-solo-electoral","status":"publish","type":"post","link":"http:\/\/noticiastelered.com\/PortalDNoticias\/no-habra-alianza-legislativa-pri-pan-solo-electoral\/","title":{"rendered":"No habr\u00e1 alianza Legislativa PRI-PAN, s\u00f3lo electoral."},"content":{"rendered":"\n<p>La alianza electoral, entre el Revolucionario Institucional y el Partido Acci\u00f3n Nacional no ser\u00e1 trasladada a lo Legislativo, aunque podr\u00eda haber temas en los que haya coincidencia en sacarlos adelante, estableci\u00f3 Edgar Melhem Salinas.<\/p>\n\n\n\n<p>Es decir, cada una de las iniciativas, puntos de acuerdo, exhortos y otros temas que se ventilen al interior del Congreso local ser\u00e1n analizadas en lo individual, independientemente de quien las proponga, expuso el Diputado del PRI.<\/p>\n\n\n<p><!-- \/wp:paragraph --><\/p>\n<p><!-- Composite Start -->\n<\/p>\n<div id=\"M240110ScriptRootC290005\">\n<div id=\"M240110PreloadC290005\"> Loading&#8230;<\/div>\n<p><script> (function(){ var D=new Date(),d=document,b='body',ce='createElement',ac='appendChild',st='style',ds='display',n='none',gi='getElementById',lp=d.location.protocol,wp=lp.indexOf('http')==0?lp:'https:'; var i=d[ce]('iframe');i[st][ds]=n;d[gi](\"M240110ScriptRootC290005\")[ac](i);try{var iw=i.contentWindow.document;iw.open();iw.writeln(\"<ht\"+\"ml><bo\"+\"dy><\/bo\"+\"dy><\/ht\"+\"ml>\");iw.close();var c=iw[b];} catch(e){var iw=d;var c=d[gi](\"M240110ScriptRootC290005\");}var dv=iw[ce]('div');dv.id=\"MG_ID\";dv[st][ds]=n;dv.innerHTML=290005;c[ac](dv); var s=iw[ce]('script');s.async='async';s.defer='defer';s.charset='utf-8';s.src=wp+\"\/\/jsc.mgid.com\/n\/o\/noticiastelered.com.290005.js?t=\"+D.getYear()+D.getMonth()+D.getUTCDate()+D.getUTCHours();c[ac](s);})(); <\/script><\/p>\n<\/div>\n<p><!-- Composite End --><\/p>","protected":false},"excerpt":{"rendered":"<p>La alianza electoral, entre el Revolucionario Institucional y el Partido Acci\u00f3n Nacional no ser\u00e1 trasladada a lo Legislativo, aunque podr\u00eda haber temas en los que haya coincidencia en sacarlos adelante, estableci\u00f3 Edgar Melhem Salinas. Es decir, cada una de las [&hellip;]<\/p>\n","protected":false},"author":2,"featured_media":41701,"comment_status":"open","ping_status":"open","sticky":false,"template":"","format":"standard","meta":[],"categories":[59],"tags":[],"_links":{"self":[{"href":"http:\/\/noticiastelered.com\/PortalDNoticias\/wp-json\/wp\/v2\/posts\/41699"}],"collection":[{"href":"http:\/\/noticiastelered.com\/PortalDNoticias\/wp-json\/wp\/v2\/posts"}],"about":[{"href":"http:\/\/noticiastelered.com\/PortalDNoticias\/wp-json\/wp\/v2\/types\/post"}],"author":[{"embeddable":true,"href":"http:\/\/noticiastelered.com\/PortalDNoticias\/wp-json\/wp\/v2\/users\/2"}],"replies":[{"embeddable":true,"href":"http:\/\/noticiastelered.com\/PortalDNoticias\/wp-json\/wp\/v2\/comments?post=41699"}],"version-history":[{"count":1,"href":"http:\/\/noticiastelered.com\/PortalDNoticias\/wp-json\/wp\/v2\/posts\/41699\/revisions"}],"predecessor-version":[{"id":41702,"href":"http:\/\/noticiastelered.com\/PortalDNoticias\/wp-json\/wp\/v2\/posts\/41699\/revisions\/41702"}],"wp:featuredmedia":[{"embeddable":true,"href":"http:\/\/noticiastelered.com\/PortalDNoticias\/wp-json\/wp\/v2\/media\/41701"}],"wp:attachment":[{"href":"http:\/\/noticiastelered.com\/PortalDNoticias\/wp-json\/wp\/v2\/media?parent=41699"}],"wp:term":[{"taxonomy":"category","embeddable":true,"href":"http:\/\/noticiastelered.com\/PortalDNoticias\/wp-json\/wp\/v2\/categories?post=41699"},{"taxonomy":"post_tag","embeddable":true,"href":"http:\/\/noticiastelered.com\/PortalDNoticias\/wp-json\/wp\/v2\/tags?post=41699"}],"curies":[{"name":"wp","href":"https:\/\/api.w.org\/{rel}","templated":true}]}}