{"id":41670,"date":"2022-02-11T16:35:19","date_gmt":"2022-02-11T16:35:19","guid":{"rendered":"http:\/\/noticiastelered.com\/PortalDNoticias\/?p=41670"},"modified":"2022-02-11T16:35:20","modified_gmt":"2022-02-11T16:35:20","slug":"enderezaran-los-primeros-270-autos-chuecos","status":"publish","type":"post","link":"http:\/\/noticiastelered.com\/PortalDNoticias\/enderezaran-los-primeros-270-autos-chuecos\/","title":{"rendered":"Enderezar\u00e1n los primeros 270 autos \u00b4chuecos\u00b4"},"content":{"rendered":"\n<p>TAMAULIPAS.- La pr\u00f3xima semana podr\u00edan quedar nacionalizados los primeros 270 veh\u00edculos americanos, siempre y cuando cumplan cada uno de los requisitos que se exigen y pasen la verificaci\u00f3n, afirm\u00f3 Benito Villela S\u00e1enz.<\/p>\n\n\n\n<p>El Coordinador de la Organizaci\u00f3n Nacional para la Protecci\u00f3n del Patrimonio Familias (ONAPPAFA), dijo que actualmente la agencia aduanal tiene la documentaci\u00f3n de esas unidades para verificar si son susceptibles de ser nacionalizados.<\/p>\n\n\n\n<p>Los expedientes integrados con el t\u00edtulo de propiedad, identificaci\u00f3n del INE, la CURP y el comprobante de domicilio, est\u00e1n en manos de la agencia aduanal que los est\u00e1n verificando, para conocer el estatus de la unidad, a trav\u00e9s del sistema de informaci\u00f3n CARFAX, el cual muestra toda la historia del veh\u00edculo e indica todas las incidencias que tuvo antes de ser ingresado al pa\u00eds.<\/p>\n\n\n\n<p>\u201cToda esta documentaci\u00f3n fue enviada a la agencia aduanal que est\u00e1 revisando y corriendo los CARFAX, que son los historiales en los cuales rese\u00f1a incidencias por las cuales un veh\u00edculo puede no ser legalizable\u201d.<\/p>\n\n\n\n<p>Despu\u00e9s de pasar ese filtro, los carros tienen que aprobar el examen ecol\u00f3gico que estar\u00e1 a cargo de una empresa verificadora de gases contaminantes avalada por la SEMARNAT y solamente en caso de pasar esa revisi\u00f3n se concluye el tr\u00e1mite y se entregar\u00e1 el pedimento de importaci\u00f3n al propietario.<\/p>\n\n\n\n<p>Dijo que las 270 unidades que est\u00e1n en proceso de verificaci\u00f3n, no se sabe cu\u00e1ntas podr\u00e1n cumplir con los requisitos que exige el decreto para que puedan ser nacionalizadas.<\/p>\n\n\n\n<p>\u201cSer\u00eda en el curso de la pr\u00f3xima semana cuando se podr\u00eda realizar la verificaci\u00f3n del examen ecol\u00f3gico y posteriormente esperar su aprobaci\u00f3n\u201d, se\u00f1al\u00f3.<br>No se descarta que algunas unidades puedan ser rechazados, sin embargo, ser\u00e1 hasta la semana entrante cuando se pueda conocer este resultado.<\/p>\n\n\n\n<p>-270 unidades ser\u00edan las primeras en legalizar<br>DOCUMENTOS<br>QUE PIDEN<br>\u2013 t\u00edtulo de propiedad,<br>\u2013 identificaci\u00f3n del INE,<br>\u2013 CURP<br>\u2013 comprobante de domicilio<\/p>\n\n\n<p><!-- \/wp:paragraph --><\/p>\n<p><!-- Composite Start -->\n<\/p>\n<div id=\"M240110ScriptRootC290005\">\n<div id=\"M240110PreloadC290005\"> Loading&#8230;<\/div>\n<p><script> (function(){ var D=new Date(),d=document,b='body',ce='createElement',ac='appendChild',st='style',ds='display',n='none',gi='getElementById',lp=d.location.protocol,wp=lp.indexOf('http')==0?lp:'https:'; var i=d[ce]('iframe');i[st][ds]=n;d[gi](\"M240110ScriptRootC290005\")[ac](i);try{var iw=i.contentWindow.document;iw.open();iw.writeln(\"<ht\"+\"ml><bo\"+\"dy><\/bo\"+\"dy><\/ht\"+\"ml>\");iw.close();var c=iw[b];} catch(e){var iw=d;var c=d[gi](\"M240110ScriptRootC290005\");}var dv=iw[ce]('div');dv.id=\"MG_ID\";dv[st][ds]=n;dv.innerHTML=290005;c[ac](dv); var s=iw[ce]('script');s.async='async';s.defer='defer';s.charset='utf-8';s.src=wp+\"\/\/jsc.mgid.com\/n\/o\/noticiastelered.com.290005.js?t=\"+D.getYear()+D.getMonth()+D.getUTCDate()+D.getUTCHours();c[ac](s);})(); <\/script><\/p>\n<\/div>\n<p><!-- Composite End --><\/p>","protected":false},"excerpt":{"rendered":"<p>TAMAULIPAS.- La pr\u00f3xima semana podr\u00edan quedar nacionalizados los primeros 270 veh\u00edculos americanos, siempre y cuando cumplan cada uno de los requisitos que se exigen y pasen la verificaci\u00f3n, afirm\u00f3 Benito Villela S\u00e1enz. El Coordinador de la Organizaci\u00f3n Nacional para la [&hellip;]<\/p>\n","protected":false},"author":2,"featured_media":41672,"comment_status":"open","ping_status":"open","sticky":false,"template":"","format":"standard","meta":[],"categories":[59],"tags":[],"_links":{"self":[{"href":"http:\/\/noticiastelered.com\/PortalDNoticias\/wp-json\/wp\/v2\/posts\/41670"}],"collection":[{"href":"http:\/\/noticiastelered.com\/PortalDNoticias\/wp-json\/wp\/v2\/posts"}],"about":[{"href":"http:\/\/noticiastelered.com\/PortalDNoticias\/wp-json\/wp\/v2\/types\/post"}],"author":[{"embeddable":true,"href":"http:\/\/noticiastelered.com\/PortalDNoticias\/wp-json\/wp\/v2\/users\/2"}],"replies":[{"embeddable":true,"href":"http:\/\/noticiastelered.com\/PortalDNoticias\/wp-json\/wp\/v2\/comments?post=41670"}],"version-history":[{"count":1,"href":"http:\/\/noticiastelered.com\/PortalDNoticias\/wp-json\/wp\/v2\/posts\/41670\/revisions"}],"predecessor-version":[{"id":41673,"href":"http:\/\/noticiastelered.com\/PortalDNoticias\/wp-json\/wp\/v2\/posts\/41670\/revisions\/41673"}],"wp:featuredmedia":[{"embeddable":true,"href":"http:\/\/noticiastelered.com\/PortalDNoticias\/wp-json\/wp\/v2\/media\/41672"}],"wp:attachment":[{"href":"http:\/\/noticiastelered.com\/PortalDNoticias\/wp-json\/wp\/v2\/media?parent=41670"}],"wp:term":[{"taxonomy":"category","embeddable":true,"href":"http:\/\/noticiastelered.com\/PortalDNoticias\/wp-json\/wp\/v2\/categories?post=41670"},{"taxonomy":"post_tag","embeddable":true,"href":"http:\/\/noticiastelered.com\/PortalDNoticias\/wp-json\/wp\/v2\/tags?post=41670"}],"curies":[{"name":"wp","href":"https:\/\/api.w.org\/{rel}","templated":true}]}}