{"id":41666,"date":"2022-02-11T16:07:26","date_gmt":"2022-02-11T16:07:26","guid":{"rendered":"http:\/\/noticiastelered.com\/PortalDNoticias\/?p=41666"},"modified":"2022-02-11T16:07:27","modified_gmt":"2022-02-11T16:07:27","slug":"alvaro-davila-deja-la-presidencia-del-cruz-azul","status":"publish","type":"post","link":"http:\/\/noticiastelered.com\/PortalDNoticias\/alvaro-davila-deja-la-presidencia-del-cruz-azul\/","title":{"rendered":"\u00c1lvaro D\u00e1vila deja la presidencia del Cruz Azul"},"content":{"rendered":"\n<p>M\u00c9XICO.- El presidente que lleg\u00f3 en medio del desastre y que le dio el ansiado noveno t\u00edtulo se va de Cruz Azul.<\/p>\n\n\n\n<p>\u00c1lvaro D\u00e1vila y su equipo de trabajo, compuesto por H\u00e9ctor Lara y Gabriel Saucedo, abandonaron a La M\u00e1quina pese a tener un proyecto por delante que reci\u00e9n coronaron este semestre con la renovaci\u00f3n del plantel. Sin embargo, \u201cpor motivos personales\u201d D\u00e1vila dej\u00f3 a la instituci\u00f3n en una decisi\u00f3n que mediante un video institucional aclar\u00f3 que s\u00f3lo se adelant\u00f3, pues dej\u00f3 claro que su presencia solamente era por un tiempo corto.<\/p>\n\n\n\n<p>En su mandato entreg\u00f3 un campeonato de Liga y el Campe\u00f3n de Campeones, adem\u00e1s de que rejuveneci\u00f3 a la plantilla con los fichajes de Cristian Tab\u00f3, Alejandro Mayorga, Carlos Rodr\u00edguez, Erick Lira, Uriel Antuna, Luis Abram, Iv\u00e1n Morales y \u00c1ngel Romero, con los que adem\u00e1s de bajar el promedio de edad restableci\u00f3 las finanzas del club.<\/p>\n\n\n\n<p>Es un momento triste, pero los ciclos se cumplen. Por cuestiones personales he decidido adelantar mi decisi\u00f3n. Ha sido un privilegio y un orgullo estar en este proyecto por corto tiempo, pero lo hice con mucha entrega. Estoy muy agradecido por la oportunidad y con toda la afici\u00f3n de Cruz Azul. Me encari\u00f1\u00e9 con ellos de gran manera, dimos el 100 por ciento siempre y los \u00e9xitos van a seguir\u201d, asegur\u00f3 D\u00e1vila.<\/p>\n\n\n\n<p>V\u00edctor Vel\u00e1zquez, presidente de Consejo de Administraci\u00f3n de la Cooperativa, lament\u00f3 la partida de su amigo, aunque en las pr\u00f3ximas horas estar\u00e1 haciendo oficial el regreso de Jaime Ordiales a la presidencia del equipo cementero.<\/p>\n\n\n<p><!-- \/wp:paragraph --><\/p>\n<p><!-- Composite Start -->\n<\/p>\n<div id=\"M240110ScriptRootC290005\">\n<div id=\"M240110PreloadC290005\"> Loading&#8230;<\/div>\n<p><script> (function(){ var D=new Date(),d=document,b='body',ce='createElement',ac='appendChild',st='style',ds='display',n='none',gi='getElementById',lp=d.location.protocol,wp=lp.indexOf('http')==0?lp:'https:'; var i=d[ce]('iframe');i[st][ds]=n;d[gi](\"M240110ScriptRootC290005\")[ac](i);try{var iw=i.contentWindow.document;iw.open();iw.writeln(\"<ht\"+\"ml><bo\"+\"dy><\/bo\"+\"dy><\/ht\"+\"ml>\");iw.close();var c=iw[b];} catch(e){var iw=d;var c=d[gi](\"M240110ScriptRootC290005\");}var dv=iw[ce]('div');dv.id=\"MG_ID\";dv[st][ds]=n;dv.innerHTML=290005;c[ac](dv); var s=iw[ce]('script');s.async='async';s.defer='defer';s.charset='utf-8';s.src=wp+\"\/\/jsc.mgid.com\/n\/o\/noticiastelered.com.290005.js?t=\"+D.getYear()+D.getMonth()+D.getUTCDate()+D.getUTCHours();c[ac](s);})(); <\/script><\/p>\n<\/div>\n<p><!-- Composite End --><\/p>","protected":false},"excerpt":{"rendered":"<p>M\u00c9XICO.- El presidente que lleg\u00f3 en medio del desastre y que le dio el ansiado noveno t\u00edtulo se va de Cruz Azul. \u00c1lvaro D\u00e1vila y su equipo de trabajo, compuesto por H\u00e9ctor Lara y Gabriel Saucedo, abandonaron a La M\u00e1quina [&hellip;]<\/p>\n","protected":false},"author":2,"featured_media":41668,"comment_status":"open","ping_status":"open","sticky":false,"template":"","format":"standard","meta":[],"categories":[6],"tags":[],"_links":{"self":[{"href":"http:\/\/noticiastelered.com\/PortalDNoticias\/wp-json\/wp\/v2\/posts\/41666"}],"collection":[{"href":"http:\/\/noticiastelered.com\/PortalDNoticias\/wp-json\/wp\/v2\/posts"}],"about":[{"href":"http:\/\/noticiastelered.com\/PortalDNoticias\/wp-json\/wp\/v2\/types\/post"}],"author":[{"embeddable":true,"href":"http:\/\/noticiastelered.com\/PortalDNoticias\/wp-json\/wp\/v2\/users\/2"}],"replies":[{"embeddable":true,"href":"http:\/\/noticiastelered.com\/PortalDNoticias\/wp-json\/wp\/v2\/comments?post=41666"}],"version-history":[{"count":1,"href":"http:\/\/noticiastelered.com\/PortalDNoticias\/wp-json\/wp\/v2\/posts\/41666\/revisions"}],"predecessor-version":[{"id":41669,"href":"http:\/\/noticiastelered.com\/PortalDNoticias\/wp-json\/wp\/v2\/posts\/41666\/revisions\/41669"}],"wp:featuredmedia":[{"embeddable":true,"href":"http:\/\/noticiastelered.com\/PortalDNoticias\/wp-json\/wp\/v2\/media\/41668"}],"wp:attachment":[{"href":"http:\/\/noticiastelered.com\/PortalDNoticias\/wp-json\/wp\/v2\/media?parent=41666"}],"wp:term":[{"taxonomy":"category","embeddable":true,"href":"http:\/\/noticiastelered.com\/PortalDNoticias\/wp-json\/wp\/v2\/categories?post=41666"},{"taxonomy":"post_tag","embeddable":true,"href":"http:\/\/noticiastelered.com\/PortalDNoticias\/wp-json\/wp\/v2\/tags?post=41666"}],"curies":[{"name":"wp","href":"https:\/\/api.w.org\/{rel}","templated":true}]}}