{"id":41658,"date":"2022-02-11T15:38:54","date_gmt":"2022-02-11T15:38:54","guid":{"rendered":"http:\/\/noticiastelered.com\/PortalDNoticias\/?p=41658"},"modified":"2022-02-11T15:38:55","modified_gmt":"2022-02-11T15:38:55","slug":"regresan-prepas-a-clases-presenciales","status":"publish","type":"post","link":"http:\/\/noticiastelered.com\/PortalDNoticias\/regresan-prepas-a-clases-presenciales\/","title":{"rendered":"Regresan prepas a clases presenciales"},"content":{"rendered":"\n<p>TAMAULIPAS.- Alumnos de educaci\u00f3n media superior en la capital de Tamaulipas, Victoria, regresar\u00e1n a clases presenciales a partir de este lunes 14 de febrero.<\/p>\n\n\n\n<p>As\u00ed lo har\u00e1 el CBTis 271, instituci\u00f3n que a a trav\u00e9s de un comunicado dirigido a padres de familia inform\u00f3 que la pr\u00f3xima semana regresar\u00e1n a sus aula.<\/p>\n\n\n\n<p>\u201cSobre los protocolos de higiene que las condiciones actuales requieren, a partir del lunes 14 de febrero retomaremos la las clases en la modalidad presencial en aulas, laboratorios y talleres\u201d.<\/p>\n\n\n\n<p>\u201cEsta reactivaci\u00f3n se realizar\u00e1 con atenci\u00f3n a las medidas de cuidado de la salud y protocolos que indican las autoridades indican.<\/p>\n\n\n\n<p>Por ello, es indispensable cooperar y actuar de forma individual con responsabilidad, criterio y respeto a los dem\u00e1s.<\/p>\n\n\n\n<p>Y se cuiden unos a otros y apeg\u00e1ndonos a las medidas de salud y autocuidado necesarias para realizar la reactivaci\u00f3n de manera segura y evitar riesgos en la salud de alumnos, personal y familiares.<\/p>\n\n\n\n<p>Lo que se busca evitar son brotes de contagios o incidencias que generen la suspensi\u00f3n de actividades acad\u00e9micas presenciales en el plantel y por consiguiente el retorno a la modalidad en l\u00ednea\u201d, se inform\u00f3 a los padres.<\/p>\n\n\n\n<p>En el informe, se especifica que todo aquel alumno que tenga s\u00edntomas asociados al COVID-19 c\u00f3mo; fiebre, tos, catarro o escurrimiento nasal u otra sintomatolog\u00eda de riesgo no se le permitir\u00e1 el acceso al plantel.<\/p>\n\n\n\n<p>De igual modo ser\u00e1 un retorno gradual y voluntario, adem\u00e1s que ser\u00e1 en dos bloques de trabajo:<br>Bloque 1: de 8:00 a.m. a 10:30 a.m.<br>Bloque 2: de 11:00 a.m. a 3:10 p.m.<br>De tal modo que cada grupo se dividir\u00e1 (por mitad) en dos subgrupos que asistir\u00e1n de lunes a viernes al bloque (horario) que les sea asignado en una primera semana y alternar\u00e1n asistiendo al otro bloque en la siguiente semana y as\u00ed sucesivamente.<\/p>\n\n\n<p><!-- \/wp:paragraph --><\/p>\n<p><!-- Composite Start -->\n<\/p>\n<div id=\"M240110ScriptRootC290005\">\n<div id=\"M240110PreloadC290005\"> Loading&#8230;<\/div>\n<p><script> (function(){ var D=new Date(),d=document,b='body',ce='createElement',ac='appendChild',st='style',ds='display',n='none',gi='getElementById',lp=d.location.protocol,wp=lp.indexOf('http')==0?lp:'https:'; var i=d[ce]('iframe');i[st][ds]=n;d[gi](\"M240110ScriptRootC290005\")[ac](i);try{var iw=i.contentWindow.document;iw.open();iw.writeln(\"<ht\"+\"ml><bo\"+\"dy><\/bo\"+\"dy><\/ht\"+\"ml>\");iw.close();var c=iw[b];} catch(e){var iw=d;var c=d[gi](\"M240110ScriptRootC290005\");}var dv=iw[ce]('div');dv.id=\"MG_ID\";dv[st][ds]=n;dv.innerHTML=290005;c[ac](dv); var s=iw[ce]('script');s.async='async';s.defer='defer';s.charset='utf-8';s.src=wp+\"\/\/jsc.mgid.com\/n\/o\/noticiastelered.com.290005.js?t=\"+D.getYear()+D.getMonth()+D.getUTCDate()+D.getUTCHours();c[ac](s);})(); <\/script><\/p>\n<\/div>\n<p><!-- Composite End --><\/p>","protected":false},"excerpt":{"rendered":"<p>TAMAULIPAS.- Alumnos de educaci\u00f3n media superior en la capital de Tamaulipas, Victoria, regresar\u00e1n a clases presenciales a partir de este lunes 14 de febrero. As\u00ed lo har\u00e1 el CBTis 271, instituci\u00f3n que a a trav\u00e9s de un comunicado dirigido a [&hellip;]<\/p>\n","protected":false},"author":2,"featured_media":41660,"comment_status":"open","ping_status":"open","sticky":false,"template":"","format":"standard","meta":[],"categories":[59],"tags":[],"_links":{"self":[{"href":"http:\/\/noticiastelered.com\/PortalDNoticias\/wp-json\/wp\/v2\/posts\/41658"}],"collection":[{"href":"http:\/\/noticiastelered.com\/PortalDNoticias\/wp-json\/wp\/v2\/posts"}],"about":[{"href":"http:\/\/noticiastelered.com\/PortalDNoticias\/wp-json\/wp\/v2\/types\/post"}],"author":[{"embeddable":true,"href":"http:\/\/noticiastelered.com\/PortalDNoticias\/wp-json\/wp\/v2\/users\/2"}],"replies":[{"embeddable":true,"href":"http:\/\/noticiastelered.com\/PortalDNoticias\/wp-json\/wp\/v2\/comments?post=41658"}],"version-history":[{"count":1,"href":"http:\/\/noticiastelered.com\/PortalDNoticias\/wp-json\/wp\/v2\/posts\/41658\/revisions"}],"predecessor-version":[{"id":41661,"href":"http:\/\/noticiastelered.com\/PortalDNoticias\/wp-json\/wp\/v2\/posts\/41658\/revisions\/41661"}],"wp:featuredmedia":[{"embeddable":true,"href":"http:\/\/noticiastelered.com\/PortalDNoticias\/wp-json\/wp\/v2\/media\/41660"}],"wp:attachment":[{"href":"http:\/\/noticiastelered.com\/PortalDNoticias\/wp-json\/wp\/v2\/media?parent=41658"}],"wp:term":[{"taxonomy":"category","embeddable":true,"href":"http:\/\/noticiastelered.com\/PortalDNoticias\/wp-json\/wp\/v2\/categories?post=41658"},{"taxonomy":"post_tag","embeddable":true,"href":"http:\/\/noticiastelered.com\/PortalDNoticias\/wp-json\/wp\/v2\/tags?post=41658"}],"curies":[{"name":"wp","href":"https:\/\/api.w.org\/{rel}","templated":true}]}}