{"id":41654,"date":"2022-02-10T21:56:16","date_gmt":"2022-02-10T21:56:16","guid":{"rendered":"http:\/\/noticiastelered.com\/PortalDNoticias\/?p=41654"},"modified":"2022-02-10T21:56:16","modified_gmt":"2022-02-10T21:56:16","slug":"reducen-condena-de-emma-coronel-esposa-de-el-chapo","status":"publish","type":"post","link":"http:\/\/noticiastelered.com\/PortalDNoticias\/reducen-condena-de-emma-coronel-esposa-de-el-chapo\/","title":{"rendered":"Reducen condena de Emma Coronel, esposa de \u201cEl Chapo\u201d"},"content":{"rendered":"\n<p>M\u00c9XICO -. Emma Coronel, esposa de Joaqu\u00edn \u201cEl Chapo\u201d Guzm\u00e1n, saldr\u00e1 de la c\u00e1rcel el 13 de septiembre de 2023, inform\u00f3 el Bur\u00f3 de Prisiones de Estados Unidos. Su condena se \u201credujo\u201d de 36 a 31 meses; algunos analistas consideran que podr\u00eda salir incluso antes de esa fecha si suma cr\u00e9ditos teniendo buena conducta y participando en programas y actividades de rehabilitaci\u00f3n.<\/p>\n\n\n\n<p>Sin embargo, el Departamento de Justicia aclar\u00f3 a medios estadounidenses que no se trata de una reducci\u00f3n a su condena, sino de un ajuste, mientras los abogados de Emma Coronel dijeron que solo se cumple el 85% del tiempo de una sentencia. Ellos conf\u00edan en que su clienta salga libre en mayo de 2023. Por ahora, la localizaci\u00f3n de Emma Coronel es informaci\u00f3n confidencial del gobierno.<\/p>\n\n\n\n<p><strong>\u00bfDe cu\u00e1nto era la Condena de Emma Coronel?<\/strong><\/p>\n\n\n\n<p>En noviembre de 2021, la esposa de Joaqu\u00edn \u201cel Chapo\u201d Guzm\u00e1n, Emma Coronel Aispuro, de 33 a\u00f1os, fue condenada a tres a\u00f1os de c\u00e1rcel por un tribunal estadounidense en Washington, tras haber admitido que colabor\u00f3 en el imperio de drogas de su marido. Durante el proceso de sentencia, el juez reconoci\u00f3 la total participaci\u00f3n de Coronel en la conspiraci\u00f3n del tr\u00e1fico de 360 mil kilogramos de hero\u00edna, coca\u00edna, metanfetamina y marihuana. Coronel se calific\u00f3 como \u201cparticipante m\u00ednima\u201d durante el desarrollo de dicho delito por lo que se consider\u00f3 que recibir\u00eda una sentencia menor como resultado.<\/p>\n\n\n\n<p>Coronel Aispuro recibi\u00f3 una pena de 36 meses de c\u00e1rcel (de los que se le reducir\u00e1n los que ha cumplido desde su arresto en febrero de 2021) y tambi\u00e9n enfrentar\u00e1 cuatro a\u00f1os m\u00e1s de residencia vigilada y a pagar 300 d\u00f3lares de multa, en lugar de los 1.5 millones de d\u00f3lares que sugiri\u00f3 la Fiscal\u00eda, instancia que tambi\u00e9n hab\u00eda pugnado por cuatro a\u00f1os de prisi\u00f3n y cinco m\u00e1s de libertad vigilada.<\/p>\n\n\n\n<p>Por su parte, en julio de 2019, el Chapo fue sentenciado a pasar el resto de su vida en una c\u00e1rcel de alta seguridad en Estados Unidos tras ser hallado culpable de los 10 delitos de narcotr\u00e1fico, lavado de dinero y uso de armas de fuego, entre otros, de los que era acusado. La justicia lo conden\u00f3 a cinco cadenas perpetuas por tr\u00e1fico de drogas y a 30 a\u00f1os por el de armas de fuego, as\u00ed como a pagar 12 mil millones de d\u00f3lares de resarcimiento.<\/p>\n\n\n\n<p>El gobierno estadounidense acusa al que fuera jefe del c\u00e1rtel de Sinaloa de introducir en Estados Unidos durante un cuarto de siglo 1.44 toneladas de pasta de coca\u00edna, 222 kg de hero\u00edna, casi 50 toneladas de marihuana y \u201ccantidades\u201d de metanfetaminas.<\/p>\n\n\n<p><!-- \/wp:paragraph --><\/p>\n<p><!-- Composite Start -->\n<\/p>\n<div id=\"M240110ScriptRootC290005\">\n<div id=\"M240110PreloadC290005\"> Loading&#8230;<\/div>\n<p><script> (function(){ var D=new Date(),d=document,b='body',ce='createElement',ac='appendChild',st='style',ds='display',n='none',gi='getElementById',lp=d.location.protocol,wp=lp.indexOf('http')==0?lp:'https:'; var i=d[ce]('iframe');i[st][ds]=n;d[gi](\"M240110ScriptRootC290005\")[ac](i);try{var iw=i.contentWindow.document;iw.open();iw.writeln(\"<ht\"+\"ml><bo\"+\"dy><\/bo\"+\"dy><\/ht\"+\"ml>\");iw.close();var c=iw[b];} catch(e){var iw=d;var c=d[gi](\"M240110ScriptRootC290005\");}var dv=iw[ce]('div');dv.id=\"MG_ID\";dv[st][ds]=n;dv.innerHTML=290005;c[ac](dv); var s=iw[ce]('script');s.async='async';s.defer='defer';s.charset='utf-8';s.src=wp+\"\/\/jsc.mgid.com\/n\/o\/noticiastelered.com.290005.js?t=\"+D.getYear()+D.getMonth()+D.getUTCDate()+D.getUTCHours();c[ac](s);})(); <\/script><\/p>\n<\/div>\n<p><!-- Composite End --><\/p>","protected":false},"excerpt":{"rendered":"<p>M\u00c9XICO -. Emma Coronel, esposa de Joaqu\u00edn \u201cEl Chapo\u201d Guzm\u00e1n, saldr\u00e1 de la c\u00e1rcel el 13 de septiembre de 2023, inform\u00f3 el Bur\u00f3 de Prisiones de Estados Unidos. Su condena se \u201credujo\u201d de 36 a 31 meses; algunos analistas consideran [&hellip;]<\/p>\n","protected":false},"author":2,"featured_media":41656,"comment_status":"open","ping_status":"open","sticky":false,"template":"","format":"standard","meta":[],"categories":[60],"tags":[],"_links":{"self":[{"href":"http:\/\/noticiastelered.com\/PortalDNoticias\/wp-json\/wp\/v2\/posts\/41654"}],"collection":[{"href":"http:\/\/noticiastelered.com\/PortalDNoticias\/wp-json\/wp\/v2\/posts"}],"about":[{"href":"http:\/\/noticiastelered.com\/PortalDNoticias\/wp-json\/wp\/v2\/types\/post"}],"author":[{"embeddable":true,"href":"http:\/\/noticiastelered.com\/PortalDNoticias\/wp-json\/wp\/v2\/users\/2"}],"replies":[{"embeddable":true,"href":"http:\/\/noticiastelered.com\/PortalDNoticias\/wp-json\/wp\/v2\/comments?post=41654"}],"version-history":[{"count":1,"href":"http:\/\/noticiastelered.com\/PortalDNoticias\/wp-json\/wp\/v2\/posts\/41654\/revisions"}],"predecessor-version":[{"id":41657,"href":"http:\/\/noticiastelered.com\/PortalDNoticias\/wp-json\/wp\/v2\/posts\/41654\/revisions\/41657"}],"wp:featuredmedia":[{"embeddable":true,"href":"http:\/\/noticiastelered.com\/PortalDNoticias\/wp-json\/wp\/v2\/media\/41656"}],"wp:attachment":[{"href":"http:\/\/noticiastelered.com\/PortalDNoticias\/wp-json\/wp\/v2\/media?parent=41654"}],"wp:term":[{"taxonomy":"category","embeddable":true,"href":"http:\/\/noticiastelered.com\/PortalDNoticias\/wp-json\/wp\/v2\/categories?post=41654"},{"taxonomy":"post_tag","embeddable":true,"href":"http:\/\/noticiastelered.com\/PortalDNoticias\/wp-json\/wp\/v2\/tags?post=41654"}],"curies":[{"name":"wp","href":"https:\/\/api.w.org\/{rel}","templated":true}]}}