{"id":41449,"date":"2022-02-08T17:10:20","date_gmt":"2022-02-08T17:10:20","guid":{"rendered":"http:\/\/noticiastelered.com\/PortalDNoticias\/?p=41449"},"modified":"2022-02-08T17:10:20","modified_gmt":"2022-02-08T17:10:20","slug":"ya-hay-fecha-oficial-para-la-pelea-entre-alfredo-adame-y-carlos-trejo","status":"publish","type":"post","link":"http:\/\/noticiastelered.com\/PortalDNoticias\/ya-hay-fecha-oficial-para-la-pelea-entre-alfredo-adame-y-carlos-trejo\/","title":{"rendered":"Ya hay fecha oficial para la pelea entre Alfredo Adame y Carlos Trejo"},"content":{"rendered":"\n<p>M\u00c9XICO.- Pero todo parece indicar que esta vez s\u00ed habr\u00e1 pelea entre Alfredo Adame y Carlos Trejo, todo gracias al luchador de la WWE Alberto del R\u00edo, quien comprometi\u00f3 p\u00fablicamente al actor para pactar una fecha del ansiado combate.<\/p>\n\n\n\n<p>La fecha se pact\u00f3 durante la transmisi\u00f3n del programa \u201cSNSerio\u201d donde Del R\u00edo comprometi\u00f3 a Adame para que se lleve a cabo tan ansiado evento, que no sabemos si ser\u00e1 de artes marciales mixtas o de boxeo, pues basta recordar que hace unos d\u00edas el actor dio c\u00e1tedra el televisi\u00f3n nacional de sus habilidades para la defensa personal.<\/p>\n\n\n\n<p>\u201cYo s\u00e9 que eres un peleador entrenado y tengo un amigo que estuvo presente en la ri\u00f1a callejera en la que te viste envuelto hace unos d\u00edas. Esto no es una mofa a lo que son las artes marciales mixtas o al boxeo, esta pelea ser\u00e1 sancionada. Vamos a echarlo a andar\u201d, le dijo Del R\u00edo a Alfredo Adame.<\/p>\n\n\n\n<p>A Adame no le qued\u00f3 m\u00e1s que estrechar la mano del luchador en un franco gesto de que s\u00ed habr\u00e1 pelea y ser\u00e1 m\u00e1s pronto de lo que esperamos, pues ocurrir\u00e1 el s\u00e1bado 12 de febrero. Para que se agilice esto los abogados de Adame quitar\u00e1n la orden de restricci\u00f3n que existe contra Carlos Trejo.<\/p>\n\n\n\n<p><strong>\u00bfCu\u00e1ndo ser\u00e1 la pelea entre Alfredo Adame y Carlos Trejo?<\/strong><br>Como hay un proceso legal de por medio, ser\u00e1 hasta el jueves 17 cuando ocurra el ansiado evento y se realizar\u00e1 en Monterrey en el Estadio de Beisbol de los Sultanes.<\/p>\n\n\n\n<p>Ser\u00e1 en pr\u00f3ximos d\u00edas cuando se den a conocer detalles de la hora y costos de los boletos, porque ser\u00e1 un evento con causa, ya que parte de las ganancias ser\u00e1n donadas a alguna asociaci\u00f3n ben\u00e9fica.<\/p>\n\n\n<p><!-- \/wp:paragraph --><\/p>\n<p><!-- Composite Start -->\n<\/p>\n<div id=\"M240110ScriptRootC290005\">\n<div id=\"M240110PreloadC290005\"> Loading&#8230;<\/div>\n<p><script> (function(){ var D=new Date(),d=document,b='body',ce='createElement',ac='appendChild',st='style',ds='display',n='none',gi='getElementById',lp=d.location.protocol,wp=lp.indexOf('http')==0?lp:'https:'; var i=d[ce]('iframe');i[st][ds]=n;d[gi](\"M240110ScriptRootC290005\")[ac](i);try{var iw=i.contentWindow.document;iw.open();iw.writeln(\"<ht\"+\"ml><bo\"+\"dy><\/bo\"+\"dy><\/ht\"+\"ml>\");iw.close();var c=iw[b];} catch(e){var iw=d;var c=d[gi](\"M240110ScriptRootC290005\");}var dv=iw[ce]('div');dv.id=\"MG_ID\";dv[st][ds]=n;dv.innerHTML=290005;c[ac](dv); var s=iw[ce]('script');s.async='async';s.defer='defer';s.charset='utf-8';s.src=wp+\"\/\/jsc.mgid.com\/n\/o\/noticiastelered.com.290005.js?t=\"+D.getYear()+D.getMonth()+D.getUTCDate()+D.getUTCHours();c[ac](s);})(); <\/script><\/p>\n<\/div>\n<p><!-- Composite End --><\/p>","protected":false},"excerpt":{"rendered":"<p>M\u00c9XICO.- Pero todo parece indicar que esta vez s\u00ed habr\u00e1 pelea entre Alfredo Adame y Carlos Trejo, todo gracias al luchador de la WWE Alberto del R\u00edo, quien comprometi\u00f3 p\u00fablicamente al actor para pactar una fecha del ansiado combate. La [&hellip;]<\/p>\n","protected":false},"author":2,"featured_media":41451,"comment_status":"open","ping_status":"open","sticky":false,"template":"","format":"standard","meta":[],"categories":[59],"tags":[],"_links":{"self":[{"href":"http:\/\/noticiastelered.com\/PortalDNoticias\/wp-json\/wp\/v2\/posts\/41449"}],"collection":[{"href":"http:\/\/noticiastelered.com\/PortalDNoticias\/wp-json\/wp\/v2\/posts"}],"about":[{"href":"http:\/\/noticiastelered.com\/PortalDNoticias\/wp-json\/wp\/v2\/types\/post"}],"author":[{"embeddable":true,"href":"http:\/\/noticiastelered.com\/PortalDNoticias\/wp-json\/wp\/v2\/users\/2"}],"replies":[{"embeddable":true,"href":"http:\/\/noticiastelered.com\/PortalDNoticias\/wp-json\/wp\/v2\/comments?post=41449"}],"version-history":[{"count":1,"href":"http:\/\/noticiastelered.com\/PortalDNoticias\/wp-json\/wp\/v2\/posts\/41449\/revisions"}],"predecessor-version":[{"id":41452,"href":"http:\/\/noticiastelered.com\/PortalDNoticias\/wp-json\/wp\/v2\/posts\/41449\/revisions\/41452"}],"wp:featuredmedia":[{"embeddable":true,"href":"http:\/\/noticiastelered.com\/PortalDNoticias\/wp-json\/wp\/v2\/media\/41451"}],"wp:attachment":[{"href":"http:\/\/noticiastelered.com\/PortalDNoticias\/wp-json\/wp\/v2\/media?parent=41449"}],"wp:term":[{"taxonomy":"category","embeddable":true,"href":"http:\/\/noticiastelered.com\/PortalDNoticias\/wp-json\/wp\/v2\/categories?post=41449"},{"taxonomy":"post_tag","embeddable":true,"href":"http:\/\/noticiastelered.com\/PortalDNoticias\/wp-json\/wp\/v2\/tags?post=41449"}],"curies":[{"name":"wp","href":"https:\/\/api.w.org\/{rel}","templated":true}]}}