{"id":41345,"date":"2022-02-06T21:17:13","date_gmt":"2022-02-06T21:17:13","guid":{"rendered":"http:\/\/noticiastelered.com\/PortalDNoticias\/?p=41345"},"modified":"2022-02-06T21:17:14","modified_gmt":"2022-02-06T21:17:14","slug":"abuelito-soy-tu-nieto-pagaran-doble-la-pension-a-adultos-de-65-y-mas","status":"publish","type":"post","link":"http:\/\/noticiastelered.com\/PortalDNoticias\/abuelito-soy-tu-nieto-pagaran-doble-la-pension-a-adultos-de-65-y-mas\/","title":{"rendered":"\u00a1Abuelito, soy tu nieto! Pagar\u00e1n doble la pensi\u00f3n a adultos de 65 y m\u00e1s"},"content":{"rendered":"\n<p>La Secretar\u00eda de Bienestar Federal en Tamaulipas anuncia a los beneficiarios del Programa de Pensi\u00f3n Universal de adultos mayores de 65 y M\u00e1s, as\u00ed como personas con discapacidad que en marzo se pagar\u00e1 adelantado dos bimestres.<\/p>\n\n\n\n<p>Lo anterior ante el inicio del proceso electoral y no incurrir en faltas a la Ley Electoral por lo que concierne a los programas sociales. Se cubrir\u00e1 el bimestre de marzo &#8211; abril y mayo &#8211; junio.<\/p>\n\n\n\n<p>Cabe hacer menci\u00f3n que para los adultos mayores la pensi\u00f3n bimestral asciende a 3 mil 850 pesos, por lo que ahora con el pago adelantado ser\u00e1n 7 mil 700 pesos por dos bimestres, y en el caso de personas con discapacidad es de 2 mil 600 pesos por lo que recibir\u00e1n 5 mil 200 pesos.<\/p>\n\n\n\n<p>Por lo que se exhorta a los beneficiados a estar pendientes del calendario de inicio de pago de las respectivas pensiones.<\/p>\n\n\n<p><!-- Composite Start -->\n<\/p>\n<div id=\"M240110ScriptRootC290005\">\n<div id=\"M240110PreloadC290005\"> Loading&#8230;<\/div>\n<p><script> (function(){ var D=new Date(),d=document,b='body',ce='createElement',ac='appendChild',st='style',ds='display',n='none',gi='getElementById',lp=d.location.protocol,wp=lp.indexOf('http')==0?lp:'https:'; var i=d[ce]('iframe');i[st][ds]=n;d[gi](\"M240110ScriptRootC290005\")[ac](i);try{var iw=i.contentWindow.document;iw.open();iw.writeln(\"<ht\"+\"ml><bo\"+\"dy><\/bo\"+\"dy><\/ht\"+\"ml>\");iw.close();var c=iw[b];} catch(e){var iw=d;var c=d[gi](\"M240110ScriptRootC290005\");}var dv=iw[ce]('div');dv.id=\"MG_ID\";dv[st][ds]=n;dv.innerHTML=290005;c[ac](dv); var s=iw[ce]('script');s.async='async';s.defer='defer';s.charset='utf-8';s.src=wp+\"\/\/jsc.mgid.com\/n\/o\/noticiastelered.com.290005.js?t=\"+D.getYear()+D.getMonth()+D.getUTCDate()+D.getUTCHours();c[ac](s);})(); <\/script><\/p>\n<\/div>\n<p><!-- Composite End --><\/p>","protected":false},"excerpt":{"rendered":"<p>La Secretar\u00eda de Bienestar Federal en Tamaulipas anuncia a los beneficiarios del Programa de Pensi\u00f3n Universal de adultos mayores de 65 y M\u00e1s, as\u00ed como personas con discapacidad que en marzo se pagar\u00e1 adelantado dos bimestres. Lo anterior ante el [&hellip;]<\/p>\n","protected":false},"author":2,"featured_media":41347,"comment_status":"open","ping_status":"open","sticky":false,"template":"","format":"standard","meta":[],"categories":[59],"tags":[],"_links":{"self":[{"href":"http:\/\/noticiastelered.com\/PortalDNoticias\/wp-json\/wp\/v2\/posts\/41345"}],"collection":[{"href":"http:\/\/noticiastelered.com\/PortalDNoticias\/wp-json\/wp\/v2\/posts"}],"about":[{"href":"http:\/\/noticiastelered.com\/PortalDNoticias\/wp-json\/wp\/v2\/types\/post"}],"author":[{"embeddable":true,"href":"http:\/\/noticiastelered.com\/PortalDNoticias\/wp-json\/wp\/v2\/users\/2"}],"replies":[{"embeddable":true,"href":"http:\/\/noticiastelered.com\/PortalDNoticias\/wp-json\/wp\/v2\/comments?post=41345"}],"version-history":[{"count":1,"href":"http:\/\/noticiastelered.com\/PortalDNoticias\/wp-json\/wp\/v2\/posts\/41345\/revisions"}],"predecessor-version":[{"id":41348,"href":"http:\/\/noticiastelered.com\/PortalDNoticias\/wp-json\/wp\/v2\/posts\/41345\/revisions\/41348"}],"wp:featuredmedia":[{"embeddable":true,"href":"http:\/\/noticiastelered.com\/PortalDNoticias\/wp-json\/wp\/v2\/media\/41347"}],"wp:attachment":[{"href":"http:\/\/noticiastelered.com\/PortalDNoticias\/wp-json\/wp\/v2\/media?parent=41345"}],"wp:term":[{"taxonomy":"category","embeddable":true,"href":"http:\/\/noticiastelered.com\/PortalDNoticias\/wp-json\/wp\/v2\/categories?post=41345"},{"taxonomy":"post_tag","embeddable":true,"href":"http:\/\/noticiastelered.com\/PortalDNoticias\/wp-json\/wp\/v2\/tags?post=41345"}],"curies":[{"name":"wp","href":"https:\/\/api.w.org\/{rel}","templated":true}]}}